{"id":29612,"date":"2012-04-11T17:09:38","date_gmt":"2012-04-11T20:09:38","guid":{"rendered":"http:\/\/senoticias.com.br\/se\/?p=29612"},"modified":"2012-04-11T17:11:29","modified_gmt":"2012-04-11T20:11:29","slug":"governador-visita-obras-da-praca-da-juventude-em-socorro","status":"publish","type":"post","link":"https:\/\/senoticias.com.br\/se\/governador-visita-obras-da-praca-da-juventude-em-socorro\/","title":{"rendered":"Governador visita obras da Pra\u00e7a da Juventude em Socorro"},"content":{"rendered":"<div id=\"attachment_29613\" style=\"width: 310px\" class=\"wp-caption alignleft\"><a href=\"http:\/\/senoticias.com.br\/se\/wp-content\/uploads\/2012\/04\/Visitaobrasdaprac807adaJuventudeemSocorroFotoMarcelleCristinne1.jpg\"><img loading=\"lazy\" decoding=\"async\" aria-describedby=\"caption-attachment-29613\" class=\"size-medium wp-image-29613\" title=\"\" src=\"http:\/\/senoticias.com.br\/se\/wp-content\/uploads\/2012\/04\/Visitaobrasdaprac807adaJuventudeemSocorroFotoMarcelleCristinne1-300x199.jpg\" alt=\"\" width=\"300\" height=\"199\" srcset=\"https:\/\/senoticias.com.br\/se\/wp-content\/uploads\/2012\/04\/Visitaobrasdaprac807adaJuventudeemSocorroFotoMarcelleCristinne1-300x199.jpg 300w, https:\/\/senoticias.com.br\/se\/wp-content\/uploads\/2012\/04\/Visitaobrasdaprac807adaJuventudeemSocorroFotoMarcelleCristinne1-342x227.jpg 342w, https:\/\/senoticias.com.br\/se\/wp-content\/uploads\/2012\/04\/Visitaobrasdaprac807adaJuventudeemSocorroFotoMarcelleCristinne1.jpg 600w\" sizes=\"(max-width: 300px) 100vw, 300px\" \/><\/a><p id=\"caption-attachment-29613\" class=\"wp-caption-text\">O governador em exerc\u00edcio, Jackson Barreto, visitou as obras ao lado do prefeito F\u00e1bio Henrique \/ Fotos: Marcelle Cristinne\/ASN<\/p><\/div>\n<p style=\"text-align: justify;\">Uma obra que atende a um antigo anseio da comunidade e se tornar\u00e1 refer\u00eancia em espa\u00e7o de lazer e conviv\u00eancia para os moradores do munic\u00edpio de Nossa Senhora do Socorro. Essa pode ser a descri\u00e7\u00e3o da futura Pra\u00e7a da Juventude, cuja obra foi visitada na manh\u00e3 desta quarta-feira, 11, pelo governador em exerc\u00edcio, Jackson Barreto, ao lado do prefeito de Socorro, F\u00e1bio Henrique de Carvalho.<\/p>\n<p style=\"text-align: justify;\">Fruto de uma emenda ao or\u00e7amento da Uni\u00e3o, ainda quando o governador em exerc\u00edcio Jackson Barreto era deputado federal, a obra, situada ao lado da avenida Coletora, entre os conjuntos Jo\u00e3o Alves Filho e Fernando Collor, est\u00e1 or\u00e7ada em aproximadamente R$ 1,9 milh\u00e3o, sendo R$ 1,4 milh\u00e3o do Governo Federal, atrav\u00e9s do Minist\u00e9rio do Esporte, e R$ 500 mil como contrapartida do munic\u00edpio.<\/p>\n<p style=\"text-align: justify;\">\u201cAo lado do prefeito F\u00e1bio Henrique, estamos visitando obras fundamentais para a popula\u00e7\u00e3o de Nossa Senhora do Socorro. Estas s\u00e3o obras que foram prometidas pelo prefeito ao nosso lado, a obra est\u00e1 a\u00ed sendo tocada pela prefeitura fruto de uma emenda minha ainda como deputado federal. Este eu considero mais um presente para a popula\u00e7\u00e3o de Nossa Senhora do Socorro\u201d, disse Jackson.<\/p>\n<p style=\"text-align: justify;\"><strong>Estrutura<\/strong><\/p>\n<p style=\"text-align: justify;\">Com uma \u00e1rea total de mais de 13 mil m\u00b2, o espa\u00e7o ser\u00e1 equipado com quadra coberta, quadra de futebol society, pista de salto, pista de caminhada, pista de skate, vesti\u00e1rio, banheiros, centro de conviv\u00eancia, anfiteatro, arquibancada, \u00e1rea de lazer, \u00e1rea de gin\u00e1stica e \u00e1rea verde. O local tamb\u00e9m contar\u00e1 com um projeto espec\u00edfico de ilumina\u00e7\u00e3o contendo 49 postes, o que tamb\u00e9m oferecer\u00e1 mais comodidade e seguran\u00e7a para todo o entorno da \u00e1rea.<br \/>\nSegundo os t\u00e9cnicos da prefeitura que acompanham a obra, a previs\u00e3o de conclus\u00e3o \u00e9 para meados do m\u00eas de julho.<\/p>\n<p style=\"text-align: justify;\"><strong>Ciclovia<\/strong><\/p>\n<p style=\"text-align: justify;\">\u201cAl\u00e9m da pr\u00f3pria pra\u00e7a, tamb\u00e9m conseguimos viabilizar, ainda atuando na C\u00e2mara Federal, o projeto de urbaniza\u00e7\u00e3o dos canteiros centrais da avenida que circula o complexo, configurando a primeira ciclovia de Nossa Senhora do Socorro. Este \u00e9 um projeto or\u00e7ado em R$ 1 milh\u00e3o, tamb\u00e9m em prol da qualidade de vida dos moradores de Socorro\u201d, lembrou o governador em exerc\u00edcio, destacando a import\u00e2ncia do investimento de R$ 2,5 milh\u00f5es, somente nessas realiza\u00e7\u00f5es, a partir da sua atua\u00e7\u00e3o ainda como deputado federal.<\/p>\n<p style=\"text-align: justify;\">A referida ciclovia tem uma extens\u00e3o aproximada de quatro quil\u00f4metros, ao longo da avenida Coletora, fazendo a liga\u00e7\u00e3o entre os conjuntos Jo\u00e3o Alves Filho e Fernando Collor, com toda a estrutura de sinaliza\u00e7\u00e3o e ilumina\u00e7\u00e3o. Al\u00e9m de um espa\u00e7o para a pr\u00e1tica esportiva e lazer, a obra beneficia, sobretudo, aos trabalhadores residentes na regi\u00e3o que utilizam a bicicleta como meio de transporte.<\/p>\n<p style=\"text-align: justify;\"><strong>Parceria Exitosa<\/strong><\/p>\n<p style=\"text-align: justify;\">Segundo o prefeito F\u00e1bio Henrique, Jackson Barreto sempre foi um parceiro da sua administra\u00e7\u00e3o desde quando exercia o mandato de deputado federal. \u201cN\u00f3s sempre contamos com esse apoio que continua sendo intensificado no Governo do Estado pelo governador Marcelo D\u00e9da, e pelo hoje governador em exerc\u00edcio, Jackson Barreto. Aqui estamos diante de duas provas do trabalho dele, que s\u00e3o a pra\u00e7a e a ciclovia, fruto de emendas do ent\u00e3o deputado Jackson Barreto, dentre outros investimentos\u201d, citou o prefeito.<\/p>\n<p style=\"text-align: justify;\">Para F\u00e1bio Henrique, esta \u00e9 uma inconteste demonstra\u00e7\u00e3o de carinho e aten\u00e7\u00e3o com o povo de Socorro. \u201cNo momento em que Jackson assume interinamente o Governo do Estado vem fazer uma visita \u00e0s obras de Nossa Senhora do Socorro, verificando o andamento das obras. O Governo do Estado, de forma geral, tem contribu\u00eddo muito com o munic\u00edpio de Socorro, j\u00e1 que temos muitas dificuldades. Se n\u00e3o houvesse essa parceria exitosa com o Governo do Estado e parlamentares, ficaria muito dif\u00edcil administrar\u201d, avaliou.<\/p>\n<p style=\"text-align: justify;\">O prefeito tamb\u00e9m contextualizou a import\u00e2ncia de obras realizadas pelo Governo do Estado, a exemplo da implanta\u00e7\u00e3o da ilumina\u00e7\u00e3o ao longo da rodovia que liga o Distrito Industrial at\u00e9 a sede do munic\u00edpio, a reforma de diversas unidades educacionais que perfaz um investimento de R$ 10 milh\u00f5es, e a nova via de liga\u00e7\u00e3o para a capital que passa por povoados de Socorro e chega \u00e0 avenida Santa Gleide . \u201cPor essas e outras raz\u00f5es, s\u00f3 temos a agradecer ao Governo do Estado e ao governador em exerc\u00edcio, Jackson Barreto. A partir dessas obras, a hist\u00f3ria do desenvolvimento de Socorro passa a ser outra\u201d, ressaltou F\u00e1bio Henrique.<\/p>\n<p style=\"text-align: justify;\"><strong>Sonho Realizado<\/strong><\/p>\n<p style=\"text-align: justify;\">J\u00e1 a presidente da C\u00e2mara de Vereadores de Socorro, vereadora Maria da Concei\u00e7\u00e3o, popularmente conhecida como \u201cMaria da Tai\u00e7oca\u201d, tamb\u00e9m reconheceu a import\u00e2ncia das obras realizadas.<\/p>\n<p style=\"text-align: justify;\">\u201cEstas s\u00e3o obras de grande import\u00e2ncia. Essa pra\u00e7a vai ser uma grande conquista para a juventude, que ter\u00e1 um belo espa\u00e7o de lazer e para praticar esportes. Os idosos tamb\u00e9m ter\u00e3o um espa\u00e7o adequado par suas atividades e toda a comunidade ganhar\u00e1. Da mesma forma, a ciclovia trar\u00e1 mais seguran\u00e7a, j\u00e1 que temos muitos acidentes e atropelamentos vitimando ciclistas, e tamb\u00e9m ser\u00e1 um incentivo \u00e0 pratica de atividades. Por isso, considero que este \u00e9 um sonho que estamos vendo realizado\u201d, salientou a vereadora.<\/p>\n<p style=\"text-align: justify;\">A visita tamb\u00e9m foi acompanhada por diversos secret\u00e1rios municipais de Socorro, lideran\u00e7as pol\u00edticas, vereadores e membros da administra\u00e7\u00e3o municipal.<\/p>\n<p style=\"text-align: justify;\"><em><strong>Ag\u00eancia Sergipe de Not\u00edcias<\/strong><\/em><\/p>\n","protected":false},"excerpt":{"rendered":"<p>Uma obra que atende a um antigo anseio da comunidade e se tornar\u00e1 refer\u00eancia em espa\u00e7o de lazer e conviv\u00eancia para os moradores do munic\u00edpio de Nossa Senhora do Socorro. Essa pode ser a descri\u00e7\u00e3o da futura Pra\u00e7a da Juventude, cuja obra foi visitada na manh\u00e3 desta quarta-feira, 11, pelo governador em exerc\u00edcio, Jackson Barreto, [&hellip;]<\/p>\n","protected":false},"author":3,"featured_media":29613,"comment_status":"closed","ping_status":"closed","sticky":false,"template":"","format":"standard","meta":{"footnotes":""},"categories":[6],"tags":[],"class_list":{"0":"post-29612","1":"post","2":"type-post","3":"status-publish","4":"format-standard","5":"has-post-thumbnail","7":"category-politica"},"_links":{"self":[{"href":"https:\/\/senoticias.com.br\/se\/wp-json\/wp\/v2\/posts\/29612"}],"collection":[{"href":"https:\/\/senoticias.com.br\/se\/wp-json\/wp\/v2\/posts"}],"about":[{"href":"https:\/\/senoticias.com.br\/se\/wp-json\/wp\/v2\/types\/post"}],"author":[{"embeddable":true,"href":"https:\/\/senoticias.com.br\/se\/wp-json\/wp\/v2\/users\/3"}],"replies":[{"embeddable":true,"href":"https:\/\/senoticias.com.br\/se\/wp-json\/wp\/v2\/comments?post=29612"}],"version-history":[{"count":0,"href":"https:\/\/senoticias.com.br\/se\/wp-json\/wp\/v2\/posts\/29612\/revisions"}],"wp:featuredmedia":[{"embeddable":true,"href":"https:\/\/senoticias.com.br\/se\/wp-json\/wp\/v2\/media\/29613"}],"wp:attachment":[{"href":"https:\/\/senoticias.com.br\/se\/wp-json\/wp\/v2\/media?parent=29612"}],"wp:term":[{"taxonomy":"category","embeddable":true,"href":"https:\/\/senoticias.com.br\/se\/wp-json\/wp\/v2\/categories?post=29612"},{"taxonomy":"post_tag","embeddable":true,"href":"https:\/\/senoticias.com.br\/se\/wp-json\/wp\/v2\/tags?post=29612"}],"curies":[{"name":"wp","href":"https:\/\/api.w.org\/{rel}","templated":true}]}}