{"id":29584,"date":"2012-04-11T15:02:39","date_gmt":"2012-04-11T18:02:39","guid":{"rendered":"http:\/\/senoticias.com.br\/se\/?p=29584"},"modified":"2012-04-11T15:02:57","modified_gmt":"2012-04-11T18:02:57","slug":"ex-prefeito-de-gararu-e-condenado-por-descaso-com-educacao","status":"publish","type":"post","link":"https:\/\/senoticias.com.br\/se\/ex-prefeito-de-gararu-e-condenado-por-descaso-com-educacao\/","title":{"rendered":"Ex-Prefeito de Gararu \u00e9 condenado por descaso com educa\u00e7\u00e3o"},"content":{"rendered":"<p style=\"text-align: justify;\"><a href=\"http:\/\/senoticias.com.br\/se\/wp-content\/uploads\/2011\/05\/tce.jpg\"><img loading=\"lazy\" decoding=\"async\" class=\"alignleft size-full wp-image-6439\" title=\"tce\" src=\"http:\/\/senoticias.com.br\/se\/wp-content\/uploads\/2011\/05\/tce.jpg\" alt=\"\" width=\"256\" height=\"168\" \/><\/a>O ex-prefeito de Gararu, Jos\u00e9 Cardoso Matos, foi condenado a pagar multa no valor de R$ 1000 pelas irregularidades encontradas na escola estadual Nelson Rezende de Albuquerque, no povoado S\u00e3o Mateus, bem como em escola municipal situada no Povoado de Macaca, ambas no munic\u00edpio de Gararu.<\/p>\n<p style=\"text-align: justify;\">A condena\u00e7\u00e3o se deu por conta do processo iniciado pelo Minist\u00e9rio P\u00fablico Especial (MPE), atrav\u00e9s do procurador-geral S\u00e9rgio Monte Alegre junto ao Tribunal de Contas do Estado (TCE), que denunciava diversas falhas relativas \u00e0 conserva\u00e7\u00e3o do espa\u00e7o f\u00edsico das escolas, a exemplo da exist\u00eancia de esgoto aberto na \u00e1rea interna,salas inacabadas, livros no ch\u00e3o por falta de lugar adequado para armazenamento, banheiros transformados em dep\u00f3sitos, aus\u00eancia de salas de aula suficientes para os alunos do per\u00edodo noturno, al\u00e9m da falta de transporte p\u00fablico, merenda escolar, etc.<\/p>\n<p style=\"text-align: justify;\">Segundo S\u00e9rgio Monte Alegre, a den\u00fancia foi motivada por uma reportagem veiculada pela imprensa local, que deixava claro o descumprimento do artigo 227 da Constitui\u00e7\u00e3o Federal (CF), que estabelece que \u201co Estado, a fam\u00edlia e a sociedade devem assegurar \u00e0 crian\u00e7a, ao adolescente e ao jovem, com absoluta prioridade, dentre outros, o direito \u00e0 educa\u00e7\u00e3o, al\u00e9m de coloc\u00e1-los a salvo de toda forma de neglig\u00eancia e discrimina\u00e7\u00e3o\u201d, explica o procurador -geral.<\/p>\n<p style=\"text-align: justify;\">Entretanto,ao analisar o valor da multa imputada pelo TCE e a gravidade das falhas encontradas, o MPE entrou com recurso de reconsidera\u00e7\u00e3o para aumentar o montante a ser pago pelo ex-prefeito, visto que, para S\u00e9rgio Monte Alegre, a decis\u00e3o n\u00e3o se mostra proporcional e razo\u00e1vel aos fatos. \u201cEstamos falando de direitos fundamentais de crian\u00e7as e adolescentes, a quem a pr\u00f3pria CF qualifica como prioridade absoluta. N\u00e3o podemos tratar com multa m\u00ednima quest\u00e3o dessa relev\u00e2ncia\u201d, conclui o Procurador-Geral. Ainda n\u00e3o h\u00e1 previs\u00e3o da data da sess\u00e3o em que ser\u00e1 apreciado o recurso.<\/p>\n","protected":false},"excerpt":{"rendered":"<p>O ex-prefeito de Gararu, Jos\u00e9 Cardoso Matos, foi condenado a pagar multa no valor de R$ 1000 pelas irregularidades encontradas na escola estadual Nelson Rezende de Albuquerque, no povoado S\u00e3o Mateus, bem como em escola municipal situada no Povoado de Macaca, ambas no munic\u00edpio de Gararu. A condena\u00e7\u00e3o se deu por conta do processo iniciado [&hellip;]<\/p>\n","protected":false},"author":3,"featured_media":6439,"comment_status":"closed","ping_status":"closed","sticky":false,"template":"","format":"standard","meta":{"footnotes":""},"categories":[6],"tags":[],"class_list":{"0":"post-29584","1":"post","2":"type-post","3":"status-publish","4":"format-standard","5":"has-post-thumbnail","7":"category-politica"},"_links":{"self":[{"href":"https:\/\/senoticias.com.br\/se\/wp-json\/wp\/v2\/posts\/29584"}],"collection":[{"href":"https:\/\/senoticias.com.br\/se\/wp-json\/wp\/v2\/posts"}],"about":[{"href":"https:\/\/senoticias.com.br\/se\/wp-json\/wp\/v2\/types\/post"}],"author":[{"embeddable":true,"href":"https:\/\/senoticias.com.br\/se\/wp-json\/wp\/v2\/users\/3"}],"replies":[{"embeddable":true,"href":"https:\/\/senoticias.com.br\/se\/wp-json\/wp\/v2\/comments?post=29584"}],"version-history":[{"count":0,"href":"https:\/\/senoticias.com.br\/se\/wp-json\/wp\/v2\/posts\/29584\/revisions"}],"wp:featuredmedia":[{"embeddable":true,"href":"https:\/\/senoticias.com.br\/se\/wp-json\/wp\/v2\/media\/6439"}],"wp:attachment":[{"href":"https:\/\/senoticias.com.br\/se\/wp-json\/wp\/v2\/media?parent=29584"}],"wp:term":[{"taxonomy":"category","embeddable":true,"href":"https:\/\/senoticias.com.br\/se\/wp-json\/wp\/v2\/categories?post=29584"},{"taxonomy":"post_tag","embeddable":true,"href":"https:\/\/senoticias.com.br\/se\/wp-json\/wp\/v2\/tags?post=29584"}],"curies":[{"name":"wp","href":"https:\/\/api.w.org\/{rel}","templated":true}]}}