{"id":29574,"date":"2012-04-11T12:10:31","date_gmt":"2012-04-11T15:10:31","guid":{"rendered":"http:\/\/senoticias.com.br\/se\/?p=29574"},"modified":"2012-04-11T12:10:46","modified_gmt":"2012-04-11T15:10:46","slug":"policia-prende-mais-um-integrante-de-quadrilha-que-agia-com-violencia-em-aracaju","status":"publish","type":"post","link":"https:\/\/senoticias.com.br\/se\/policia-prende-mais-um-integrante-de-quadrilha-que-agia-com-violencia-em-aracaju\/","title":{"rendered":"Pol\u00edcia prende mais um integrante de quadrilha que agia com viol\u00eancia em Aracaju"},"content":{"rendered":"<div id=\"attachment_29575\" style=\"width: 281px\" class=\"wp-caption alignleft\"><a href=\"http:\/\/senoticias.com.br\/se\/wp-content\/uploads\/2012\/04\/img_133415301830.jpg\"><img loading=\"lazy\" decoding=\"async\" aria-describedby=\"caption-attachment-29575\" class=\"size-full wp-image-29575\" title=\"\" src=\"http:\/\/senoticias.com.br\/se\/wp-content\/uploads\/2012\/04\/img_133415301830.jpg\" alt=\"\" width=\"271\" height=\"182\" srcset=\"https:\/\/senoticias.com.br\/se\/wp-content\/uploads\/2012\/04\/img_133415301830.jpg 271w, https:\/\/senoticias.com.br\/se\/wp-content\/uploads\/2012\/04\/img_133415301830-269x182.jpg 269w\" sizes=\"(max-width: 271px) 100vw, 271px\" \/><\/a><p id=\"caption-attachment-29575\" class=\"wp-caption-text\">Lucas foi surpreendido pelos policiais no momento que transitava em um caminh\u00e3o carregado de coco. (Foto: Reprodu\u00e7\u00e3o)<\/p><\/div>\n<p style=\"text-align: justify;\">Policiais civis lotados na Coordenadoria Operacional da Superintend\u00eancia, sob o comando do delegado Alessandro Vieira, com o apoio de policiais militares da Companhia de Policiamento Rodovi\u00e1rio Estadual (CPRv) prenderam nesta ter\u00e7a-feira, 10, Lucas Oliveira Dias, 22 anos, integrante de uma quadrilha de assaltantes que foi desarticulada no dia 22 de mar\u00e7o deste ano.<\/p>\n<p style=\"text-align: justify;\">Lucas foi surpreendido pelos policiais no momento que transitava em um caminh\u00e3o carregado de coco, vindo do estado da Bahia. A pris\u00e3o foi registrada nas proximidades do munic\u00edpio sergipano de Indiaroba. &#8220;Lucas \u00e9 muito violento e contra ele existiam mandados de pris\u00e3o por conta de crimes de homic\u00eddio, roubo, forma\u00e7\u00e3o de quadrilha e tr\u00e1fico de drogas&#8221;, destacou Vieira.<\/p>\n<p style=\"text-align: justify;\">Ainda segundo o delegado, Lucas fugiu do bairro Coroa do Meio, em Aracaju, desde o dia em que a quadrilha a qual pertencia foi desarticulada. Ele estava abrigado na casa de parentes no povoado Terra Ca\u00edda. &#8220;As investiga\u00e7\u00f5es continuam para buscarmos a localiza\u00e7\u00e3o do \u00faltimo integrante da quadrilha, C\u00e1ssio Rodrigo Braga Machado, 23 anos, que \u00e9 conhecido como &#8216;C\u00e1ssio Neguinho'&#8221;, finalizou o delegado.<\/p>\n<p style=\"text-align: justify;\"><strong>Quadrilha<\/strong><\/p>\n<p style=\"text-align: justify;\">A quadrilha de assaltantes praticou 22 assaltos violentos na Grande Aracaju. Foram presas dez pessoas, sendo oito homens e duas mulheres, al\u00e9m de dois adolescentes apreendidos. A base da quadrilha era na rua Maria Pureza, no bairro Coroa do Meio, zona sul de Aracaju. \u201cComo s\u00e3o muitos integrantes eles praticavam roubo quase que diariamente\u201d, disse Alessandro.<\/p>\n<p style=\"text-align: justify;\">Entre os roubos que mais chamaram a aten\u00e7\u00e3o da pol\u00edcia est\u00e3o as a\u00e7\u00f5es violentas praticadas contra um vigilante no estacionamento do Tribunal de Contas da Uni\u00e3o. A quadrilha agrediu o profissional e roubou sua arma de fogo. Outra a\u00e7\u00e3o de grande repercuss\u00e3o foi o roubo de um carro no conjunto dos Motoristas, no bairro Grageru, onde um pai de fam\u00edlia foi baleado no rosto quanto tentava proteger os seus filhos dos criminosos.<\/p>\n","protected":false},"excerpt":{"rendered":"<p>Policiais civis lotados na Coordenadoria Operacional da Superintend\u00eancia, sob o comando do delegado Alessandro Vieira, com o apoio de policiais militares da Companhia de Policiamento Rodovi\u00e1rio Estadual (CPRv) prenderam nesta ter\u00e7a-feira, 10, Lucas Oliveira Dias, 22 anos, integrante de uma quadrilha de assaltantes que foi desarticulada no dia 22 de mar\u00e7o deste ano. Lucas foi [&hellip;]<\/p>\n","protected":false},"author":3,"featured_media":29575,"comment_status":"closed","ping_status":"closed","sticky":false,"template":"","format":"standard","meta":{"footnotes":""},"categories":[7],"tags":[],"class_list":{"0":"post-29574","1":"post","2":"type-post","3":"status-publish","4":"format-standard","5":"has-post-thumbnail","7":"category-policia"},"_links":{"self":[{"href":"https:\/\/senoticias.com.br\/se\/wp-json\/wp\/v2\/posts\/29574"}],"collection":[{"href":"https:\/\/senoticias.com.br\/se\/wp-json\/wp\/v2\/posts"}],"about":[{"href":"https:\/\/senoticias.com.br\/se\/wp-json\/wp\/v2\/types\/post"}],"author":[{"embeddable":true,"href":"https:\/\/senoticias.com.br\/se\/wp-json\/wp\/v2\/users\/3"}],"replies":[{"embeddable":true,"href":"https:\/\/senoticias.com.br\/se\/wp-json\/wp\/v2\/comments?post=29574"}],"version-history":[{"count":0,"href":"https:\/\/senoticias.com.br\/se\/wp-json\/wp\/v2\/posts\/29574\/revisions"}],"wp:featuredmedia":[{"embeddable":true,"href":"https:\/\/senoticias.com.br\/se\/wp-json\/wp\/v2\/media\/29575"}],"wp:attachment":[{"href":"https:\/\/senoticias.com.br\/se\/wp-json\/wp\/v2\/media?parent=29574"}],"wp:term":[{"taxonomy":"category","embeddable":true,"href":"https:\/\/senoticias.com.br\/se\/wp-json\/wp\/v2\/categories?post=29574"},{"taxonomy":"post_tag","embeddable":true,"href":"https:\/\/senoticias.com.br\/se\/wp-json\/wp\/v2\/tags?post=29574"}],"curies":[{"name":"wp","href":"https:\/\/api.w.org\/{rel}","templated":true}]}}