{"id":29571,"date":"2012-04-11T10:16:49","date_gmt":"2012-04-11T13:16:49","guid":{"rendered":"http:\/\/senoticias.com.br\/se\/?p=29571"},"modified":"2012-04-11T10:16:49","modified_gmt":"2012-04-11T13:16:49","slug":"funesa-seleciona-docentes-autores-para-material-didatico-pedagogico","status":"publish","type":"post","link":"https:\/\/senoticias.com.br\/se\/funesa-seleciona-docentes-autores-para-material-didatico-pedagogico\/","title":{"rendered":"Funesa seleciona docentes autores para material did\u00e1tico-pedag\u00f3gico"},"content":{"rendered":"<p style=\"text-align: justify;\">\n<p><span style=\"color: #333333;\"><strong>Inscri\u00e7\u00f5es seguem at\u00e9 o pr\u00f3ximo dia 16, de segunda-feira \u00e0 sexta-feira, no hor\u00e1rio das 9h \u00e0s 12h e das 14h \u00e0s 17h<\/strong><\/span><\/p>\n<div id=\"attachment_1718\" style=\"width: 160px\" class=\"wp-caption alignleft\"><a href=\"http:\/\/senoticias.com.br\/se\/wp-content\/uploads\/2011\/02\/Concursos.jpg\"><img loading=\"lazy\" decoding=\"async\" aria-describedby=\"caption-attachment-1718\" class=\"size-thumbnail wp-image-1718\" title=\"Concursos\" src=\"http:\/\/senoticias.com.br\/se\/wp-content\/uploads\/2011\/02\/Concursos-150x150.jpg\" alt=\"\" width=\"150\" height=\"150\" srcset=\"https:\/\/senoticias.com.br\/se\/wp-content\/uploads\/2011\/02\/Concursos-150x150.jpg 150w, https:\/\/senoticias.com.br\/se\/wp-content\/uploads\/2011\/02\/Concursos-50x50.jpg 50w, https:\/\/senoticias.com.br\/se\/wp-content\/uploads\/2011\/02\/Concursos-70x70.jpg 70w, https:\/\/senoticias.com.br\/se\/wp-content\/uploads\/2011\/02\/Concursos-55x55.jpg 55w\" sizes=\"(max-width: 150px) 100vw, 150px\" \/><\/a><p id=\"caption-attachment-1718\" class=\"wp-caption-text\">Funesa vai selecionar docentes.<\/p><\/div>\n<p style=\"text-align: justify;\">A Funda\u00e7\u00e3o Estadual de Sa\u00fade (Funesa) abre processo seletivo simplificado para forma\u00e7\u00e3o de cadastro de reserva de docentes autores do material did\u00e1tico-pedag\u00f3gico a ser produzido e utilizado pela funda\u00e7\u00e3o em cursos por ela ofertados.<\/p>\n<p>As inscri\u00e7\u00f5es seguem at\u00e9 o pr\u00f3ximo dia 16, de segunda-feira \u00e0 sexta-feira, no hor\u00e1rio das 9h \u00e0s 12h e das 14h \u00e0s 17h, encerrando \u00e0s 12h (hor\u00e1rio oficial de Bras\u00edlia) do dia 16 de abril.<\/p>\n<p>Para se inscrever, o candidato dever\u00e1 se dirigir \u00e0 Funesa\/ETSUS, na Avenida Carlos Bulamarqui, n\u00ba 514, centro de Aracaju, at\u00e9 o \u00faltimo dia de inscri\u00e7\u00e3o, com a documenta\u00e7\u00e3o constante no edital.<\/p>\n<p>Informa\u00e7\u00f5es referentes ao processo seletivo poder\u00e3o ser obtidas no site <a href=\"%20%20http:\/\/www.funesa.se.gov.br\/\" target=\"_blank\"><span style=\"color: #000080;\">www.funesa.se.gov.br<\/span><\/a> ou por meio dos telefones (79) 3211-5005, (79) 3205-6425, (79) 3205-6416 ou (79) 3205-6403 em hor\u00e1rio comercial.<\/p>\n","protected":false},"excerpt":{"rendered":"<p>Inscri\u00e7\u00f5es seguem at\u00e9 o pr\u00f3ximo dia 16, de segunda-feira \u00e0 sexta-feira, no hor\u00e1rio das 9h \u00e0s 12h e das 14h \u00e0s 17h A Funda\u00e7\u00e3o Estadual de Sa\u00fade (Funesa) abre processo seletivo simplificado para forma\u00e7\u00e3o de cadastro de reserva de docentes autores do material did\u00e1tico-pedag\u00f3gico a ser produzido e utilizado pela funda\u00e7\u00e3o em cursos por ela [&hellip;]<\/p>\n","protected":false},"author":3,"featured_media":1718,"comment_status":"closed","ping_status":"closed","sticky":false,"template":"","format":"standard","meta":{"footnotes":""},"categories":[9],"tags":[],"class_list":{"0":"post-29571","1":"post","2":"type-post","3":"status-publish","4":"format-standard","5":"has-post-thumbnail","7":"category-concursos"},"_links":{"self":[{"href":"https:\/\/senoticias.com.br\/se\/wp-json\/wp\/v2\/posts\/29571"}],"collection":[{"href":"https:\/\/senoticias.com.br\/se\/wp-json\/wp\/v2\/posts"}],"about":[{"href":"https:\/\/senoticias.com.br\/se\/wp-json\/wp\/v2\/types\/post"}],"author":[{"embeddable":true,"href":"https:\/\/senoticias.com.br\/se\/wp-json\/wp\/v2\/users\/3"}],"replies":[{"embeddable":true,"href":"https:\/\/senoticias.com.br\/se\/wp-json\/wp\/v2\/comments?post=29571"}],"version-history":[{"count":0,"href":"https:\/\/senoticias.com.br\/se\/wp-json\/wp\/v2\/posts\/29571\/revisions"}],"wp:featuredmedia":[{"embeddable":true,"href":"https:\/\/senoticias.com.br\/se\/wp-json\/wp\/v2\/media\/1718"}],"wp:attachment":[{"href":"https:\/\/senoticias.com.br\/se\/wp-json\/wp\/v2\/media?parent=29571"}],"wp:term":[{"taxonomy":"category","embeddable":true,"href":"https:\/\/senoticias.com.br\/se\/wp-json\/wp\/v2\/categories?post=29571"},{"taxonomy":"post_tag","embeddable":true,"href":"https:\/\/senoticias.com.br\/se\/wp-json\/wp\/v2\/tags?post=29571"}],"curies":[{"name":"wp","href":"https:\/\/api.w.org\/{rel}","templated":true}]}}