{"id":29566,"date":"2012-04-11T09:50:16","date_gmt":"2012-04-11T12:50:16","guid":{"rendered":"http:\/\/senoticias.com.br\/se\/?p=29566"},"modified":"2012-04-11T12:13:43","modified_gmt":"2012-04-11T15:13:43","slug":"seplag-anuncia-edital-para-selecao-de-profissionais-para-projovem-urbano","status":"publish","type":"post","link":"https:\/\/senoticias.com.br\/se\/seplag-anuncia-edital-para-selecao-de-profissionais-para-projovem-urbano\/","title":{"rendered":"Seplag anuncia edital para sele\u00e7\u00e3o de profissionais para Projovem Urbano"},"content":{"rendered":"<p style=\"text-align: justify;\"><span style=\"color: #333333;\"><strong>Selecionados ser\u00e3o direcionados aos munic\u00edpios de Ilha das Flores, Indiaroba, Monte Alegre, Porto da Folha e Po\u00e7o Verde<\/strong><\/span><\/p>\n<p style=\"text-align: justify;\"><a href=\"http:\/\/senoticias.com.br\/se\/wp-content\/uploads\/2012\/04\/image6.jpeg\"><img loading=\"lazy\" decoding=\"async\" class=\"alignleft size-medium wp-image-29579\" title=\"image6\" src=\"http:\/\/senoticias.com.br\/se\/wp-content\/uploads\/2012\/04\/image6-300x200.jpg\" alt=\"\" width=\"300\" height=\"200\" srcset=\"https:\/\/senoticias.com.br\/se\/wp-content\/uploads\/2012\/04\/image6-300x200.jpg 300w, https:\/\/senoticias.com.br\/se\/wp-content\/uploads\/2012\/04\/image6-342x228.jpg 342w, https:\/\/senoticias.com.br\/se\/wp-content\/uploads\/2012\/04\/image6.jpeg 720w\" sizes=\"(max-width: 300px) 100vw, 300px\" \/><\/a>A Secretaria de Estado do Planejamento, Or\u00e7amento e Gest\u00e3o (Seplag) informa que na pr\u00f3xima sexta-feira, 13, est\u00e1 prevista a publica\u00e7\u00e3o do edital de abertura do processo seletivo simplificado com o objetivo de contratar temporariamente profissionais para atuarem no Programa Nacional de Inclus\u00e3o de Jovens &#8211; Projovem Urbano. A remunera\u00e7\u00e3o inicial varia entre R$ 622 e R$ 2.326,47, a depender do cargo e da escolaridade.<\/p>\n<p style=\"text-align: justify;\">O prazo de vig\u00eancia da sele\u00e7\u00e3o simplificada ser\u00e1 de um ano, podendo ser prorrogada por mais um, contando da data de publica\u00e7\u00e3o no Di\u00e1rio Oficial do Estado. \u201cHaver\u00e1 vagas para educador de Ensino Fundamental, educador de Participa\u00e7\u00e3o Cidad\u00e3 e educador de Qualifica\u00e7\u00e3o Profissional, com remunera\u00e7\u00e3o de R$ 1.861,18 no desempenho da carga hor\u00e1ria de 160 horas\u201d, disse Z\u00e9lia Maria Apostolo, gerente geral de Recrutamento e Movimenta\u00e7\u00e3o de Servidores do Governo do Estado.<\/p>\n<p style=\"text-align: justify;\">Para o cargo de educador de Ensino Fundamental, as \u00e1reas de conhecimento est\u00e3o divididas em Linguagem, C\u00f3digos e suas Tecnologias (para licenciados em Letras Portugu\u00eas-Ingl\u00eas e Letras Portugu\u00eas); Ci\u00eancias Humanas e suas Tecnologias (para licenciados em Hist\u00f3ria, Geografia, Sociologia e Filosofia); Ci\u00eancias da Natureza e suas Tecnologias (para licenciados em Biologia e Ci\u00eancias Naturais); e Matem\u00e1tica (para licenciados em Matem\u00e1tica).<\/p>\n<p style=\"text-align: justify;\">No caso do cargo de educador de Qualifica\u00e7\u00e3o Profissional, a \u00e1rea de conhecimento \u00e9 Inform\u00e1tica e podem assumir bachar\u00e9is ou licenciados em Ci\u00eancia da Computa\u00e7\u00e3o; Sistemas de Informa\u00e7\u00e3o; An\u00e1lise de Sistemas; Engenharia da Computa\u00e7\u00e3o; Inform\u00e1tica; Tecnologia de Processamento de Dados e demais forma\u00e7\u00f5es afins. Para o cargo de educador de Participa\u00e7\u00e3o Cidad\u00e3, podem assumir profissionais com licenciatura em Ci\u00eancias Sociais ou Sociologia.<\/p>\n<p style=\"text-align: justify;\">Para o cargo de pedagogo, o pr\u00e9-requisito \u00e9 Licenciatura Plena em Pedagogia e a remunera\u00e7\u00e3o \u00e9 de R$ 2.326,47 no desempenho de 200 horas. E para merendeira, a remunera\u00e7\u00e3o \u00e9 de R$ 622 sobre carga hor\u00e1ria de 30 horas semanais. Os selecionados ser\u00e3o direcionados aos munic\u00edpios de Ilha das Flores, Indiaroba, Monte Alegre, Porto da Folha e Po\u00e7o Verde.<\/p>\n<p style=\"text-align: justify;\"><strong>Projovem Urbano<\/strong><\/p>\n<p style=\"text-align: justify;\">O Programa Nacional de Inclus\u00e3o de Jovens &#8211; <strong>Projovem Urbano<\/strong> &#8211; tem como objetivo oportunizar aos jovens com idade entre 18 a 29 anos, exclu\u00eddos do sistema formal de ensino, a escolariza\u00e7\u00e3o em Ensino Fundamental na modalidade de EJA, integrado \u00e0 qualifica\u00e7\u00e3o social e profissional.<\/p>\n<p style=\"text-align: justify;\"><span style=\"color: #333333;\"><strong>Ag\u00eancia Sergipe de Not\u00edcias<\/strong><\/span><\/p>\n","protected":false},"excerpt":{"rendered":"<p>Selecionados ser\u00e3o direcionados aos munic\u00edpios de Ilha das Flores, Indiaroba, Monte Alegre, Porto da Folha e Po\u00e7o Verde A Secretaria de Estado do Planejamento, Or\u00e7amento e Gest\u00e3o (Seplag) informa que na pr\u00f3xima sexta-feira, 13, est\u00e1 prevista a publica\u00e7\u00e3o do edital de abertura do processo seletivo simplificado com o objetivo de contratar temporariamente profissionais para atuarem [&hellip;]<\/p>\n","protected":false},"author":3,"featured_media":29579,"comment_status":"closed","ping_status":"closed","sticky":false,"template":"","format":"standard","meta":{"footnotes":""},"categories":[6],"tags":[],"class_list":{"0":"post-29566","1":"post","2":"type-post","3":"status-publish","4":"format-standard","5":"has-post-thumbnail","7":"category-politica"},"_links":{"self":[{"href":"https:\/\/senoticias.com.br\/se\/wp-json\/wp\/v2\/posts\/29566"}],"collection":[{"href":"https:\/\/senoticias.com.br\/se\/wp-json\/wp\/v2\/posts"}],"about":[{"href":"https:\/\/senoticias.com.br\/se\/wp-json\/wp\/v2\/types\/post"}],"author":[{"embeddable":true,"href":"https:\/\/senoticias.com.br\/se\/wp-json\/wp\/v2\/users\/3"}],"replies":[{"embeddable":true,"href":"https:\/\/senoticias.com.br\/se\/wp-json\/wp\/v2\/comments?post=29566"}],"version-history":[{"count":0,"href":"https:\/\/senoticias.com.br\/se\/wp-json\/wp\/v2\/posts\/29566\/revisions"}],"wp:featuredmedia":[{"embeddable":true,"href":"https:\/\/senoticias.com.br\/se\/wp-json\/wp\/v2\/media\/29579"}],"wp:attachment":[{"href":"https:\/\/senoticias.com.br\/se\/wp-json\/wp\/v2\/media?parent=29566"}],"wp:term":[{"taxonomy":"category","embeddable":true,"href":"https:\/\/senoticias.com.br\/se\/wp-json\/wp\/v2\/categories?post=29566"},{"taxonomy":"post_tag","embeddable":true,"href":"https:\/\/senoticias.com.br\/se\/wp-json\/wp\/v2\/tags?post=29566"}],"curies":[{"name":"wp","href":"https:\/\/api.w.org\/{rel}","templated":true}]}}