{"id":29560,"date":"2012-04-11T07:03:34","date_gmt":"2012-04-11T10:03:34","guid":{"rendered":"http:\/\/senoticias.com.br\/se\/?p=29560"},"modified":"2012-04-11T07:03:54","modified_gmt":"2012-04-11T10:03:54","slug":"dois-homens-sao-presos-por-porte-ilegal-de-armas-em-sao-cristovao","status":"publish","type":"post","link":"https:\/\/senoticias.com.br\/se\/dois-homens-sao-presos-por-porte-ilegal-de-armas-em-sao-cristovao\/","title":{"rendered":"Dois homens s\u00e3o presos por porte ilegal de armas em S\u00e3o Crist\u00f3v\u00e3o"},"content":{"rendered":"<div id=\"attachment_23271\" style=\"width: 269px\" class=\"wp-caption alignleft\"><a href=\"http:\/\/senoticias.com.br\/se\/wp-content\/uploads\/2012\/01\/RP.jpg\"><img loading=\"lazy\" decoding=\"async\" aria-describedby=\"caption-attachment-23271\" class=\"size-full wp-image-23271\" title=\"RP\" src=\"http:\/\/senoticias.com.br\/se\/wp-content\/uploads\/2012\/01\/RP.jpg\" alt=\"\" width=\"259\" height=\"194\" srcset=\"https:\/\/senoticias.com.br\/se\/wp-content\/uploads\/2012\/01\/RP.jpg 259w, https:\/\/senoticias.com.br\/se\/wp-content\/uploads\/2012\/01\/RP-60x45.jpg 60w, https:\/\/senoticias.com.br\/se\/wp-content\/uploads\/2012\/01\/RP-150x113.jpg 150w\" sizes=\"(max-width: 259px) 100vw, 259px\" \/><\/a><p id=\"caption-attachment-23271\" class=\"wp-caption-text\">Policiais da R\u00e1dio Patrulha prenderam 2 homens por porte ilegal de arma, no Rosa Elze. (Foto: Reprodu\u00e7\u00e3o)<\/p><\/div>\n<p style=\"text-align: justify;\">Policiais da R\u00e1dio Patrulha prenderam no in\u00edcio da noite desta ter\u00e7a-feira, 10, dois homens acusados de portar arma de fogo sem autoriza\u00e7\u00e3o. O caso ocorreu no bairro Rosa Elze em S\u00e3o Crist\u00f3v\u00e3o.<\/p>\n<p style=\"text-align: justify;\">Os dois suspeitos, Jos\u00e9 C\u00e1ssio Santos Reis e George Ferreira foram detidos com um rev\u00f3lver calibre 32 no bairro Rosa Elze. Eles n\u00e3o portavam documentos e foram encaminhados \u00e0 6\u00aa Delegacia para execu\u00e7\u00e3o de medidas cab\u00edveis.<\/p>\n<p style=\"text-align: justify;\"><span style=\"color: #333333;\"><strong>SE Not\u00edcias com informa\u00e7\u00e3o da Infonet<\/strong><\/span><\/p>\n","protected":false},"excerpt":{"rendered":"<p>Policiais da R\u00e1dio Patrulha prenderam no in\u00edcio da noite desta ter\u00e7a-feira, 10, dois homens acusados de portar arma de fogo sem autoriza\u00e7\u00e3o. O caso ocorreu no bairro Rosa Elze em S\u00e3o Crist\u00f3v\u00e3o. Os dois suspeitos, Jos\u00e9 C\u00e1ssio Santos Reis e George Ferreira foram detidos com um rev\u00f3lver calibre 32 no bairro Rosa Elze. Eles n\u00e3o [&hellip;]<\/p>\n","protected":false},"author":3,"featured_media":23271,"comment_status":"closed","ping_status":"closed","sticky":false,"template":"","format":"standard","meta":{"footnotes":""},"categories":[7],"tags":[],"class_list":{"0":"post-29560","1":"post","2":"type-post","3":"status-publish","4":"format-standard","5":"has-post-thumbnail","7":"category-policia"},"_links":{"self":[{"href":"https:\/\/senoticias.com.br\/se\/wp-json\/wp\/v2\/posts\/29560"}],"collection":[{"href":"https:\/\/senoticias.com.br\/se\/wp-json\/wp\/v2\/posts"}],"about":[{"href":"https:\/\/senoticias.com.br\/se\/wp-json\/wp\/v2\/types\/post"}],"author":[{"embeddable":true,"href":"https:\/\/senoticias.com.br\/se\/wp-json\/wp\/v2\/users\/3"}],"replies":[{"embeddable":true,"href":"https:\/\/senoticias.com.br\/se\/wp-json\/wp\/v2\/comments?post=29560"}],"version-history":[{"count":0,"href":"https:\/\/senoticias.com.br\/se\/wp-json\/wp\/v2\/posts\/29560\/revisions"}],"wp:featuredmedia":[{"embeddable":true,"href":"https:\/\/senoticias.com.br\/se\/wp-json\/wp\/v2\/media\/23271"}],"wp:attachment":[{"href":"https:\/\/senoticias.com.br\/se\/wp-json\/wp\/v2\/media?parent=29560"}],"wp:term":[{"taxonomy":"category","embeddable":true,"href":"https:\/\/senoticias.com.br\/se\/wp-json\/wp\/v2\/categories?post=29560"},{"taxonomy":"post_tag","embeddable":true,"href":"https:\/\/senoticias.com.br\/se\/wp-json\/wp\/v2\/tags?post=29560"}],"curies":[{"name":"wp","href":"https:\/\/api.w.org\/{rel}","templated":true}]}}