{"id":29546,"date":"2012-04-11T06:24:49","date_gmt":"2012-04-11T09:24:49","guid":{"rendered":"http:\/\/senoticias.com.br\/se\/?p=29546"},"modified":"2012-04-12T08:53:30","modified_gmt":"2012-04-12T11:53:30","slug":"andre-moura-critica-governo-por-punir-sargento-vieira","status":"publish","type":"post","link":"https:\/\/senoticias.com.br\/se\/andre-moura-critica-governo-por-punir-sargento-vieira\/","title":{"rendered":"Andr\u00e9 Moura critica Governo por punir Sargento Vieira"},"content":{"rendered":"<div id=\"attachment_4972\" style=\"width: 276px\" class=\"wp-caption alignleft\"><a href=\"http:\/\/senoticias.com.br\/se\/wp-content\/uploads\/2011\/04\/Andr%C3%A9-Moura.jpg\"><img loading=\"lazy\" decoding=\"async\" aria-describedby=\"caption-attachment-4972\" class=\"size-full wp-image-4972\" title=\"Andr\u00e9 Moura\" src=\"http:\/\/senoticias.com.br\/se\/wp-content\/uploads\/2011\/04\/Andr%C3%A9-Moura.jpg\" alt=\"\" width=\"266\" height=\"189\" \/><\/a><p id=\"caption-attachment-4972\" class=\"wp-caption-text\">O l\u00edder do Partido Social Crist\u00e3o dep. federal Andr\u00e9 Moura (PSC\/SE). (Reprodu\u00e7\u00e3o)<\/p><\/div>\n<p style=\"text-align: justify;\">O l\u00edder do Partido Social Crist\u00e3o deputado federal Andr\u00e9 Moura (PSC\/SE) utilizou a tribuna, ontem, 10, para criticar o Governo de Sergipe pela atitude ditatorial utilizada pelo Conselho Disciplinar da Pol\u00edcia Militar do Estado de Sergipe na puni\u00e7\u00e3o utilizada contra o presidente da Associa\u00e7\u00e3o dos Militares do Estado de Sergipe \u2013 AMESE, sargento Jo\u00e3o Vieira da Cruz.<\/p>\n<p style=\"text-align: justify;\">O sargento Jorge Vieira enfrentou mais um Conselho de Disciplina instalado pelo comando geral, para apurar a conduta do militar, enquanto representante de classe. Recentemente Vieira foi absolvido de um Conselho, por\u00e9m \u00e0 \u00e9poca, o comando resolveu avocar a decis\u00e3o do Conselho, contrariando o resultado.<\/p>\n<p style=\"text-align: justify;\">Com a decis\u00e3o, o conselho optou pela condena\u00e7\u00e3o do militar. O resultado da pena far\u00e1 com que o PM, que tem 15 anos a servi\u00e7o da corpora\u00e7\u00e3o ir para reserva com a proporcionalidade de 50% dos vencimentos.<\/p>\n<p style=\"text-align: justify;\">Durante o discurso Andr\u00e9 Moura tamb\u00e9m lembrou que a decis\u00e3o interrompe de forma abrupta a carreira militar de um cidad\u00e3o que apenas lutou por uma categoria melhor, de forma que a Pol\u00edcia seja boa para o policial, tanto quanto deve ser ao cidad\u00e3o.<\/p>\n<p style=\"text-align: justify;\">\u201cEstranho o governador Marcelo D\u00e9da, que nasceu dentro do movimento sindical governar o Estado de Sergipe com m\u00e3o de ferro, a democracia sempre defendida por ele hoje \u00e9 esquecida e a persegui\u00e7\u00e3o passa a ser o carro chefe do Governo Petista no Estado\u201d, destacou.<\/p>\n<p style=\"text-align: justify;\">Informa\u00e7\u00f5es da categoria militar dizem que s\u00e3o nove militares que est\u00e3o sendo investigadas pelo comando geral da PM\/SE. Tendo como base da investiga\u00e7\u00e3o medidas disciplinares, por participarem de assembl\u00e9ias reivindicat\u00f3rias da classe militar.<\/p>\n<p style=\"text-align: justify;\"><strong>PL da Anistia \u2013<\/strong> o deputado federal Andr\u00e9 Moura apresentou na C\u00e2mara dos Deputados Projeto de Lei 3635\/2012\u00a0 que concede anistia aos policiais e bombeiros militares do Estado de Sergipe punidos por participar de movimentos reivindicat\u00f3rios.<\/p>\n","protected":false},"excerpt":{"rendered":"<p>O l\u00edder do Partido Social Crist\u00e3o deputado federal Andr\u00e9 Moura (PSC\/SE) utilizou a tribuna, ontem, 10, para criticar o Governo de Sergipe pela atitude ditatorial utilizada pelo Conselho Disciplinar da Pol\u00edcia Militar do Estado de Sergipe na puni\u00e7\u00e3o utilizada contra o presidente da Associa\u00e7\u00e3o dos Militares do Estado de Sergipe \u2013 AMESE, sargento Jo\u00e3o Vieira [&hellip;]<\/p>\n","protected":false},"author":3,"featured_media":4972,"comment_status":"closed","ping_status":"closed","sticky":false,"template":"","format":"standard","meta":{"footnotes":""},"categories":[6],"tags":[],"class_list":{"0":"post-29546","1":"post","2":"type-post","3":"status-publish","4":"format-standard","5":"has-post-thumbnail","7":"category-politica"},"_links":{"self":[{"href":"https:\/\/senoticias.com.br\/se\/wp-json\/wp\/v2\/posts\/29546"}],"collection":[{"href":"https:\/\/senoticias.com.br\/se\/wp-json\/wp\/v2\/posts"}],"about":[{"href":"https:\/\/senoticias.com.br\/se\/wp-json\/wp\/v2\/types\/post"}],"author":[{"embeddable":true,"href":"https:\/\/senoticias.com.br\/se\/wp-json\/wp\/v2\/users\/3"}],"replies":[{"embeddable":true,"href":"https:\/\/senoticias.com.br\/se\/wp-json\/wp\/v2\/comments?post=29546"}],"version-history":[{"count":0,"href":"https:\/\/senoticias.com.br\/se\/wp-json\/wp\/v2\/posts\/29546\/revisions"}],"wp:featuredmedia":[{"embeddable":true,"href":"https:\/\/senoticias.com.br\/se\/wp-json\/wp\/v2\/media\/4972"}],"wp:attachment":[{"href":"https:\/\/senoticias.com.br\/se\/wp-json\/wp\/v2\/media?parent=29546"}],"wp:term":[{"taxonomy":"category","embeddable":true,"href":"https:\/\/senoticias.com.br\/se\/wp-json\/wp\/v2\/categories?post=29546"},{"taxonomy":"post_tag","embeddable":true,"href":"https:\/\/senoticias.com.br\/se\/wp-json\/wp\/v2\/tags?post=29546"}],"curies":[{"name":"wp","href":"https:\/\/api.w.org\/{rel}","templated":true}]}}