{"id":29539,"date":"2012-04-10T19:00:35","date_gmt":"2012-04-10T22:00:35","guid":{"rendered":"http:\/\/senoticias.com.br\/se\/?p=29539"},"modified":"2012-04-10T19:00:55","modified_gmt":"2012-04-10T22:00:55","slug":"marcio-macedo-e-eleito-presidente-da-comissao-mista-de-mudancas-climaticas","status":"publish","type":"post","link":"https:\/\/senoticias.com.br\/se\/marcio-macedo-e-eleito-presidente-da-comissao-mista-de-mudancas-climaticas\/","title":{"rendered":"M\u00e1rcio Mac\u00eado \u00e9 eleito presidente da Comiss\u00e3o Mista de Mudan\u00e7as Clim\u00e1ticas"},"content":{"rendered":"<p>&nbsp;<\/p>\n<div id=\"attachment_29540\" style=\"width: 310px\" class=\"wp-caption alignleft\"><a href=\"http:\/\/senoticias.com.br\/se\/wp-content\/uploads\/2012\/04\/comissao.jpg\"><img loading=\"lazy\" decoding=\"async\" aria-describedby=\"caption-attachment-29540\" class=\"size-medium wp-image-29540\" title=\"comissao\" src=\"http:\/\/senoticias.com.br\/se\/wp-content\/uploads\/2012\/04\/comissao-300x198.jpg\" alt=\"\" width=\"300\" height=\"198\" srcset=\"https:\/\/senoticias.com.br\/se\/wp-content\/uploads\/2012\/04\/comissao-300x198.jpg 300w, https:\/\/senoticias.com.br\/se\/wp-content\/uploads\/2012\/04\/comissao-342x226.jpg 342w, https:\/\/senoticias.com.br\/se\/wp-content\/uploads\/2012\/04\/comissao.jpg 614w\" sizes=\"(max-width: 300px) 100vw, 300px\" \/><\/a><p id=\"caption-attachment-29540\" class=\"wp-caption-text\">Al\u00e9m de M\u00e1rcio, foram eleitos a senadora Vanessa Grazziotin (PCdoB\/AM) para o cargo de vice-presidente, e o senador S\u00e9rgio Souza (PMDB\/PR) como relator.<\/p><\/div>\n<p style=\"text-align: justify;\">O deputado federal M\u00e1rcio Mac\u00eado (PT) foi eleito nesta ter\u00e7a-feira, 10, presidente da Comiss\u00e3o Mista Permanente de Mudan\u00e7as Clim\u00e1ticas (CMMC) do Congresso Nacional. O parlamentar sergipano disputou a vaga com o tamb\u00e9m deputado federal Alfredo Sirkis (PV). Ao final, M\u00e1rcio obteve 16 votos contra dois votos de Sirkis. Na condu\u00e7\u00e3o da CMMC, o deputado atuar\u00e1 pela inclus\u00e3o da discuss\u00e3o sobre as mudan\u00e7as clim\u00e1ticas na pauta da Confer\u00eancia das Na\u00e7\u00f5es Unidas sobre Desenvolvimento Sustent\u00e1vel &#8211; Rio+20, que ocorrer\u00e1 no Rio de Janeiro, em junho.<\/p>\n<p style=\"text-align: justify;\">\u201cFiquei muito feliz e satisfeito com o resultado. Na Comiss\u00e3o, vamos discutir todos os temas da Rio+20, como a economia verde no contexto do desenvolvimento sustent\u00e1vel e da erradica\u00e7\u00e3o da pobreza, al\u00e9m de tratar das quest\u00f5es relacionadas \u00e0s mudan\u00e7as clim\u00e1ticas, como o processo de desertifica\u00e7\u00e3o de algumas regi\u00f5es brasileiras, a seca no Nordeste e a emiss\u00e3o de gases causadores do efeito estufa. Realizaremos audi\u00eancias p\u00fablicas tanto em Bras\u00edlia como em outros Estados e monitoraremos o andamento do Plano Nacional sobre Mudan\u00e7as Clim\u00e1ticas do Governo Federal\u201d, afirmou.<\/p>\n<p style=\"text-align: justify;\">J\u00e1 como presidente da CMMC, M\u00e1rcio conduziu a sess\u00e3o nesta ter\u00e7a-feira e informou que agendar\u00e1 uma audi\u00eancia com os ministros Ideli Salvatti (Rela\u00e7\u00f5es Institucionais) e Ant\u00f4nio Patriota (Rela\u00e7\u00f5es Exteriores), para debater a viabilidade da inclus\u00e3o da tem\u00e1tica das mudan\u00e7as clim\u00e1ticas na programa\u00e7\u00e3o da Rio+20. \u201cTamb\u00e9m atuarei como presidente da CMMC para auxiliar o Governo na condu\u00e7\u00e3o da sua pol\u00edtica de redu\u00e7\u00e3o dos danos causados pelas mudan\u00e7as clim\u00e1ticas\u201d, ressaltou.<\/p>\n<p style=\"text-align: justify;\">Em 2011, M\u00e1rcio Mac\u00eado foi relator da Comiss\u00e3o Mista de Mudan\u00e7as Clim\u00e1ticas do Congresso. No relat\u00f3rio apresentado ao final do ano passado, foram apontados como prioridades para este ano, a Rio+20 e a import\u00e2ncia do debate acerca de dois projetos de lei que prop\u00f5em a redu\u00e7\u00e3o do impacto de gases do efeito estufa no Brasil. Para o deputado, \u201ca CMMC deve trabalhar para ajudar na renova\u00e7\u00e3o do compromisso pol\u00edtico do Brasil e do planeta com o desenvolvimento sustent\u00e1vel, bem como na avalia\u00e7\u00e3o dos avan\u00e7os e identifica\u00e7\u00e3o de gargalos, bem como nos novos desafios \u00e0 implementa\u00e7\u00e3o das a\u00e7\u00f5es previstas nas confer\u00eancias anteriores\u201d.<\/p>\n<p style=\"text-align: justify;\">Al\u00e9m de M\u00e1rcio, foram eleitos a senadora Vanessa Grazziotin (PCdoB\/AM) para o cargo de vice-presidente, e o senador S\u00e9rgio Souza (PMDB\/PR) como relator. Composta por 12 deputados e 12 senadores, a CMMC, criada em 2008, tem por meta, o monitoramento e fiscaliza\u00e7\u00e3o das pol\u00edticas p\u00fablicas e a\u00e7\u00f5es implementadas pelo Brasil na mitiga\u00e7\u00e3o dos impactos do aquecimento global.\u00a0 Al\u00e9m dela, s\u00f3 existe mais uma comiss\u00e3o mista no Congresso Nacional, a Comiss\u00e3o Mista de Planos, Or\u00e7amentos P\u00fablicos e Fiscaliza\u00e7\u00e3o.<\/p>\n<p style=\"text-align: justify;\"><span style=\"color: #333333;\"><strong>Assessoria Parlamentar<\/strong><\/span><\/p>\n","protected":false},"excerpt":{"rendered":"<p>&nbsp; O deputado federal M\u00e1rcio Mac\u00eado (PT) foi eleito nesta ter\u00e7a-feira, 10, presidente da Comiss\u00e3o Mista Permanente de Mudan\u00e7as Clim\u00e1ticas (CMMC) do Congresso Nacional. O parlamentar sergipano disputou a vaga com o tamb\u00e9m deputado federal Alfredo Sirkis (PV). Ao final, M\u00e1rcio obteve 16 votos contra dois votos de Sirkis. Na condu\u00e7\u00e3o da CMMC, o deputado [&hellip;]<\/p>\n","protected":false},"author":3,"featured_media":29540,"comment_status":"closed","ping_status":"closed","sticky":false,"template":"","format":"standard","meta":{"footnotes":""},"categories":[6],"tags":[],"class_list":{"0":"post-29539","1":"post","2":"type-post","3":"status-publish","4":"format-standard","5":"has-post-thumbnail","7":"category-politica"},"_links":{"self":[{"href":"https:\/\/senoticias.com.br\/se\/wp-json\/wp\/v2\/posts\/29539"}],"collection":[{"href":"https:\/\/senoticias.com.br\/se\/wp-json\/wp\/v2\/posts"}],"about":[{"href":"https:\/\/senoticias.com.br\/se\/wp-json\/wp\/v2\/types\/post"}],"author":[{"embeddable":true,"href":"https:\/\/senoticias.com.br\/se\/wp-json\/wp\/v2\/users\/3"}],"replies":[{"embeddable":true,"href":"https:\/\/senoticias.com.br\/se\/wp-json\/wp\/v2\/comments?post=29539"}],"version-history":[{"count":0,"href":"https:\/\/senoticias.com.br\/se\/wp-json\/wp\/v2\/posts\/29539\/revisions"}],"wp:featuredmedia":[{"embeddable":true,"href":"https:\/\/senoticias.com.br\/se\/wp-json\/wp\/v2\/media\/29540"}],"wp:attachment":[{"href":"https:\/\/senoticias.com.br\/se\/wp-json\/wp\/v2\/media?parent=29539"}],"wp:term":[{"taxonomy":"category","embeddable":true,"href":"https:\/\/senoticias.com.br\/se\/wp-json\/wp\/v2\/categories?post=29539"},{"taxonomy":"post_tag","embeddable":true,"href":"https:\/\/senoticias.com.br\/se\/wp-json\/wp\/v2\/tags?post=29539"}],"curies":[{"name":"wp","href":"https:\/\/api.w.org\/{rel}","templated":true}]}}