{"id":29534,"date":"2012-04-10T18:54:34","date_gmt":"2012-04-10T21:54:34","guid":{"rendered":"http:\/\/senoticias.com.br\/se\/?p=29534"},"modified":"2012-04-10T18:56:18","modified_gmt":"2012-04-10T21:56:18","slug":"cerebro-de-ator-enforcado-em-encenacao-da-paixao-de-cristo-foi-afetado","status":"publish","type":"post","link":"https:\/\/senoticias.com.br\/se\/cerebro-de-ator-enforcado-em-encenacao-da-paixao-de-cristo-foi-afetado\/","title":{"rendered":"C\u00e9rebro de ator enforcado em encena\u00e7\u00e3o da Paix\u00e3o de Cristo foi afetado"},"content":{"rendered":"<div id=\"attachment_29325\" style=\"width: 210px\" class=\"wp-caption alignleft\"><a href=\"http:\/\/senoticias.com.br\/se\/wp-content\/uploads\/2012\/04\/Ator.jpeg\"><img loading=\"lazy\" decoding=\"async\" aria-describedby=\"caption-attachment-29325\" class=\"size-medium wp-image-29325\" title=\"Ator\" src=\"http:\/\/senoticias.com.br\/se\/wp-content\/uploads\/2012\/04\/Ator-200x300.jpg\" alt=\"\" width=\"200\" height=\"300\" srcset=\"https:\/\/senoticias.com.br\/se\/wp-content\/uploads\/2012\/04\/Ator-200x300.jpg 200w, https:\/\/senoticias.com.br\/se\/wp-content\/uploads\/2012\/04\/Ator-342x512.jpg 342w, https:\/\/senoticias.com.br\/se\/wp-content\/uploads\/2012\/04\/Ator-300x449.jpg 300w, https:\/\/senoticias.com.br\/se\/wp-content\/uploads\/2012\/04\/Ator.jpeg 550w\" sizes=\"(max-width: 200px) 100vw, 200px\" \/><\/a><p id=\"caption-attachment-29325\" class=\"wp-caption-text\">Ator se enforca por acidente durante encena\u00e7\u00e3o da Paix\u00e3o de Cristo, em Itarar\u00e9. (Sandro Azevedo\/Divulga\u00e7\u00e3o Virtual Guia)<\/p><\/div>\n<p style=\"text-align: justify;\">O ator Tiago Klimeck, de 27 anos, teve o c\u00e9rebro afetado por causa do<a href=\"   http:\/\/senoticias.com.br\/se\/?p=29324\" target=\"_blank\"><span style=\"color: #0000ff;\"><strong> acidente sofrido na noite da Sexta-Feira<\/strong><\/span><\/a> Santa durante a apresenta\u00e7\u00e3o da Paix\u00e3o de Cristo, em Itarar\u00e9, no interior de S\u00e3o Paulo. H\u00e1 altera\u00e7\u00f5es no cr\u00e2nio do paciente, segundo o novo boletim m\u00e9dico divulgado na tarde desta ter\u00e7a-feira, 10, pela Santa Casa de Itapeva, onde ele est\u00e1 internado desde s\u00e1bado.<\/p>\n<p style=\"text-align: justify;\">As altera\u00e7\u00f5es foram reveladas pela tomografia computadorizada a que o ator foi submetido nesta ter\u00e7a. Em coma induzido, ele continua internado em estado grave na Unidade de Terapia Intensiva (UTI) e respira com a ajuda de aparelhos. O curto boletim m\u00e9dico n\u00e3o fornece mais detalhes sobre a sa\u00fade do ator, que por pouco n\u00e3o morreu durante o espet\u00e1culo.<\/p>\n<p style=\"text-align: justify;\">Do Estad\u00e3o<\/p>\n","protected":false},"excerpt":{"rendered":"<p>O ator Tiago Klimeck, de 27 anos, teve o c\u00e9rebro afetado por causa do acidente sofrido na noite da Sexta-Feira Santa durante a apresenta\u00e7\u00e3o da Paix\u00e3o de Cristo, em Itarar\u00e9, no interior de S\u00e3o Paulo. H\u00e1 altera\u00e7\u00f5es no cr\u00e2nio do paciente, segundo o novo boletim m\u00e9dico divulgado na tarde desta ter\u00e7a-feira, 10, pela Santa Casa [&hellip;]<\/p>\n","protected":false},"author":3,"featured_media":29325,"comment_status":"closed","ping_status":"closed","sticky":false,"template":"","format":"standard","meta":{"footnotes":""},"categories":[38],"tags":[],"class_list":{"0":"post-29534","1":"post","2":"type-post","3":"status-publish","4":"format-standard","5":"has-post-thumbnail","7":"category-municipios"},"_links":{"self":[{"href":"https:\/\/senoticias.com.br\/se\/wp-json\/wp\/v2\/posts\/29534"}],"collection":[{"href":"https:\/\/senoticias.com.br\/se\/wp-json\/wp\/v2\/posts"}],"about":[{"href":"https:\/\/senoticias.com.br\/se\/wp-json\/wp\/v2\/types\/post"}],"author":[{"embeddable":true,"href":"https:\/\/senoticias.com.br\/se\/wp-json\/wp\/v2\/users\/3"}],"replies":[{"embeddable":true,"href":"https:\/\/senoticias.com.br\/se\/wp-json\/wp\/v2\/comments?post=29534"}],"version-history":[{"count":0,"href":"https:\/\/senoticias.com.br\/se\/wp-json\/wp\/v2\/posts\/29534\/revisions"}],"wp:featuredmedia":[{"embeddable":true,"href":"https:\/\/senoticias.com.br\/se\/wp-json\/wp\/v2\/media\/29325"}],"wp:attachment":[{"href":"https:\/\/senoticias.com.br\/se\/wp-json\/wp\/v2\/media?parent=29534"}],"wp:term":[{"taxonomy":"category","embeddable":true,"href":"https:\/\/senoticias.com.br\/se\/wp-json\/wp\/v2\/categories?post=29534"},{"taxonomy":"post_tag","embeddable":true,"href":"https:\/\/senoticias.com.br\/se\/wp-json\/wp\/v2\/tags?post=29534"}],"curies":[{"name":"wp","href":"https:\/\/api.w.org\/{rel}","templated":true}]}}