{"id":29517,"date":"2012-04-10T17:48:08","date_gmt":"2012-04-10T20:48:08","guid":{"rendered":"http:\/\/senoticias.com.br\/se\/?p=29517"},"modified":"2012-04-11T21:52:36","modified_gmt":"2012-04-12T00:52:36","slug":"leilao-de-bens-inserviveis-do-governo-do-estado-sera-na-proxima-quinta-feira-12","status":"publish","type":"post","link":"https:\/\/senoticias.com.br\/se\/leilao-de-bens-inserviveis-do-governo-do-estado-sera-na-proxima-quinta-feira-12\/","title":{"rendered":"Leil\u00e3o de bens inserv\u00edveis do Governo do Estado ser\u00e1 nesta quinta-feira, 12"},"content":{"rendered":"<div id=\"attachment_29518\" style=\"width: 274px\" class=\"wp-caption alignleft\"><a href=\"http:\/\/senoticias.com.br\/se\/wp-content\/uploads\/2012\/04\/Oliveira-J%C3%BAnior.jpg\"><img loading=\"lazy\" decoding=\"async\" aria-describedby=\"caption-attachment-29518\" class=\"size-full wp-image-29518\" title=\"Oliveira J\u00fanior\" src=\"http:\/\/senoticias.com.br\/se\/wp-content\/uploads\/2012\/04\/Oliveira-J%C3%BAnior.jpg\" alt=\"\" width=\"264\" height=\"176\" \/><\/a><p id=\"caption-attachment-29518\" class=\"wp-caption-text\">Oliveira J\u00fanior, Secret\u00e1rio de Estado do Planejamento, Or\u00e7amento e Gest\u00e3o (Seplag). (Foto: Marcelle Cristinne\/ASN)<\/p><\/div>\n<p style=\"text-align: justify;\">A Secretaria de Estado do Planejamento, Or\u00e7amento e Gest\u00e3o (Seplag), por meio da Superintend\u00eancia de Gest\u00e3o e Patrim\u00f4nio e Arquivo do Estado (Supat), realizar\u00e1 no dia 12 de abril o primeiro leil\u00e3o p\u00fablico de bens inserv\u00edveis de 2012.<\/p>\n<p style=\"text-align: justify;\">Ser\u00e3o leiloados mais de 250 lotes de materiais, entre ve\u00edculos, como itens de inform\u00e1tica, eletrodom\u00e9sticos, eletr\u00f4nicos, equipamentos de escrit\u00f3rio, entre outros. Segundo o subsecret\u00e1rio de Administra\u00e7\u00e3o de Log\u00edstica, Walter Pereira Lima, trata-se de uma a\u00e7\u00e3o estrat\u00e9gica da administra\u00e7\u00e3o p\u00fablica.<\/p>\n<p style=\"text-align: justify;\">\u201cFizemos um levantamento de todos os bens que se classificavam como inserv\u00edveis para o Estado (seja por alto custo de manuten\u00e7\u00e3o ou de reparo) e chegamos a estes materiais. Assim, revertem-se em recursos os bens que o Estado j\u00e1 fez uso, mas que hoje se encontram inutilizados ocupando espa\u00e7os em galp\u00f5es e dep\u00f3sitos\u201d, explica o subsecret\u00e1rio.<\/p>\n<p style=\"text-align: justify;\"><strong>Como participar<\/strong><\/p>\n<p style=\"text-align: justify;\">O leil\u00e3o \u00e9 regido pelo decreto lei 21.981\/32, com as modifica\u00e7\u00f5es introduzidas pelo decreto 22.427\/33, bem como pelo regulamento que consta no edital. Para entrar na \u00e1rea de aliena\u00e7\u00e3o, o participante dever\u00e1 estar munido de c\u00e9dula de identidade. \u201cQualquer pessoa, exceto aquelas que n\u00e3o cumpriram as condi\u00e7\u00f5es de regulamentos de leil\u00f5es anteriores, independente de formalidades, poder\u00e3o dar lances e arrematar no leil\u00e3o desde que efetuem previamente o credenciamento\u201d, detalha Etel Mendes, superintendente de Patrim\u00f4nio.<\/p>\n<p style=\"text-align: justify;\">Para se credenciar, \u00e9 necess\u00e1rio ir ao local onde ser\u00e1 realizado o leil\u00e3o, no Espa\u00e7o Emes (Avenida Tancredo Neves, 225), das 8h \u00e0s 11h e das 14h30 \u00e0s 17h (segunda a sexta), ou at\u00e9 30 minutos antes do leil\u00e3o, no dia 12 de abril. Para pessoa f\u00edsica, os documentos necess\u00e1rios para o credenciamento s\u00e3o RG, CPF, procura\u00e7\u00e3o para arrematar em nome de terceiros (se for o caso) e cheques para cau\u00e7\u00e3o. Para pessoa jur\u00eddica, \u00e9 necess\u00e1ria a c\u00f3pia autenticada do contrato social, c\u00f3pia do CNPJ, cheques para cau\u00e7\u00e3o e procura\u00e7\u00e3o no caso de n\u00e3o ser o representante legal.<\/p>\n<p>Para acessar o edital completo, com as informa\u00e7\u00f5es de materiais e o regulamento, <a href=\"%20%20http:\/\/www.seplag.se.gov.br\/attachments\/article\/0\/EDITAL%20COMPLETO.pdf\" target=\"_blank\"><span style=\"color: #0000ff;\"><strong>clique aqui.<\/strong><\/span><\/a><\/p>\n<p style=\"text-align: justify;\"><span style=\"color: #333333;\"><strong>Ag\u00eancia Sergipe de Not\u00edcias<\/strong><\/span><\/p>\n","protected":false},"excerpt":{"rendered":"<p>A Secretaria de Estado do Planejamento, Or\u00e7amento e Gest\u00e3o (Seplag), por meio da Superintend\u00eancia de Gest\u00e3o e Patrim\u00f4nio e Arquivo do Estado (Supat), realizar\u00e1 no dia 12 de abril o primeiro leil\u00e3o p\u00fablico de bens inserv\u00edveis de 2012. Ser\u00e3o leiloados mais de 250 lotes de materiais, entre ve\u00edculos, como itens de inform\u00e1tica, eletrodom\u00e9sticos, eletr\u00f4nicos, equipamentos [&hellip;]<\/p>\n","protected":false},"author":3,"featured_media":29518,"comment_status":"closed","ping_status":"closed","sticky":false,"template":"","format":"standard","meta":{"footnotes":""},"categories":[38],"tags":[],"class_list":{"0":"post-29517","1":"post","2":"type-post","3":"status-publish","4":"format-standard","5":"has-post-thumbnail","7":"category-municipios"},"_links":{"self":[{"href":"https:\/\/senoticias.com.br\/se\/wp-json\/wp\/v2\/posts\/29517"}],"collection":[{"href":"https:\/\/senoticias.com.br\/se\/wp-json\/wp\/v2\/posts"}],"about":[{"href":"https:\/\/senoticias.com.br\/se\/wp-json\/wp\/v2\/types\/post"}],"author":[{"embeddable":true,"href":"https:\/\/senoticias.com.br\/se\/wp-json\/wp\/v2\/users\/3"}],"replies":[{"embeddable":true,"href":"https:\/\/senoticias.com.br\/se\/wp-json\/wp\/v2\/comments?post=29517"}],"version-history":[{"count":0,"href":"https:\/\/senoticias.com.br\/se\/wp-json\/wp\/v2\/posts\/29517\/revisions"}],"wp:featuredmedia":[{"embeddable":true,"href":"https:\/\/senoticias.com.br\/se\/wp-json\/wp\/v2\/media\/29518"}],"wp:attachment":[{"href":"https:\/\/senoticias.com.br\/se\/wp-json\/wp\/v2\/media?parent=29517"}],"wp:term":[{"taxonomy":"category","embeddable":true,"href":"https:\/\/senoticias.com.br\/se\/wp-json\/wp\/v2\/categories?post=29517"},{"taxonomy":"post_tag","embeddable":true,"href":"https:\/\/senoticias.com.br\/se\/wp-json\/wp\/v2\/tags?post=29517"}],"curies":[{"name":"wp","href":"https:\/\/api.w.org\/{rel}","templated":true}]}}