{"id":29324,"date":"2012-04-07T14:28:08","date_gmt":"2012-04-07T17:28:08","guid":{"rendered":"http:\/\/senoticias.com.br\/se\/?p=29324"},"modified":"2012-04-09T12:07:52","modified_gmt":"2012-04-09T15:07:52","slug":"ator-se-enforca-por-acidente-em-encenacao-da-paixao-de-cristo","status":"publish","type":"post","link":"https:\/\/senoticias.com.br\/se\/ator-se-enforca-por-acidente-em-encenacao-da-paixao-de-cristo\/","title":{"rendered":"Ator que se enforcou acidentalmente continua em estado grave"},"content":{"rendered":"<p style=\"text-align: justify;\">O ator Thiago Klimeck, 27, que se enforcou acidentalmente durante a encena\u00e7\u00e3o da Paix\u00e3o de Cristo ontem (6) foi transferido para a Santa Casa de Itapeva na tarde deste s\u00e1bado. Segundo assessoria do hospital, o estado do ator continua grave.<\/p>\n<p style=\"text-align: justify;\">O ator deu entrada na Santa Casa de Itapeva por volta das 14h30. Ele est\u00e1 internado na UTI (Unidade de Terapia Intensiva) do hospital.<\/p>\n<p>&nbsp;<\/p>\n<p>&nbsp;<\/p>\n<p>&nbsp;<\/p>\n<p>O ator Thiago Klimeck, 27, se enforcou acidentalmente durante a encena\u00e7\u00e3o da Paix\u00e3o de Cristo em Itarar\u00e9 (a 345 km de SP) na noite de ontem.<\/p>\n<p><span style=\"color: #333333;\"><strong>Ator se enforca por acidente em encena\u00e7\u00e3o da Paix\u00e3o de Cristo<\/strong><\/span><\/p>\n<div id=\"attachment_29325\" style=\"width: 560px\" class=\"wp-caption aligncenter\"><a href=\"http:\/\/senoticias.com.br\/se\/wp-content\/uploads\/2012\/04\/Ator.jpeg\"><img loading=\"lazy\" decoding=\"async\" aria-describedby=\"caption-attachment-29325\" class=\"size-full wp-image-29325\" title=\"Ator\" src=\"http:\/\/senoticias.com.br\/se\/wp-content\/uploads\/2012\/04\/Ator.jpeg\" alt=\"\" width=\"550\" height=\"824\" srcset=\"https:\/\/senoticias.com.br\/se\/wp-content\/uploads\/2012\/04\/Ator.jpeg 550w, https:\/\/senoticias.com.br\/se\/wp-content\/uploads\/2012\/04\/Ator-200x300.jpg 200w, https:\/\/senoticias.com.br\/se\/wp-content\/uploads\/2012\/04\/Ator-342x512.jpg 342w, https:\/\/senoticias.com.br\/se\/wp-content\/uploads\/2012\/04\/Ator-300x449.jpg 300w\" sizes=\"(max-width: 550px) 100vw, 550px\" \/><\/a><p id=\"caption-attachment-29325\" class=\"wp-caption-text\">Ator se enforca por acidente durante encena\u00e7\u00e3o da Paix\u00e3o de Cristo, em Itarar\u00e9, na noite de ontem. (Sandro Azevedo\/Divulga\u00e7\u00e3o Virtual Guia)<\/p><\/div>\n<p style=\"text-align: justify;\">Segundo a Guarda Municipal da cidade, por volta das 22h, o ator &#8211;que interpretava o personagem Judas&#8211; passou a corda envolta do pesco\u00e7o para encenar o momento em que Judas foi enforcado.<\/p>\n<p>Ele ficou quatro minutos sem se mexer at\u00e9 que os demais atores perceberam que ele estava inconsciente.<\/p>\n<p>O ator foi levado desacordado pela Guarda Municipal para o hospital Santa Casa de Miseric\u00f3dia.<\/p>\n<p>A pe\u00e7a era apresentada na pra\u00e7a Coronel Jord\u00e3o &#8211;conhecida como pra\u00e7a da Matriz, na regi\u00e3o central da cidade.<\/p>\n<p>Na manh\u00e3 deste s\u00e1bado, o ator foi transferido, em estado grave, para um hospital de S\u00e3o Paulo.<\/p>\n<p>O caso ser\u00e1 investigado pela Pol\u00edcia Civil da cidade.<\/p>\n<p><span style=\"color: #333333;\"><strong>Da Folha.com<\/strong><\/span><\/p>\n","protected":false},"excerpt":{"rendered":"<p>O ator Thiago Klimeck, 27, que se enforcou acidentalmente durante a encena\u00e7\u00e3o da Paix\u00e3o de Cristo ontem (6) foi transferido para a Santa Casa de Itapeva na tarde deste s\u00e1bado. Segundo assessoria do hospital, o estado do ator continua grave. O ator deu entrada na Santa Casa de Itapeva por volta das 14h30. Ele est\u00e1 [&hellip;]<\/p>\n","protected":false},"author":3,"featured_media":29325,"comment_status":"closed","ping_status":"closed","sticky":false,"template":"","format":"standard","meta":{"footnotes":""},"categories":[38],"tags":[],"class_list":{"0":"post-29324","1":"post","2":"type-post","3":"status-publish","4":"format-standard","5":"has-post-thumbnail","7":"category-municipios"},"_links":{"self":[{"href":"https:\/\/senoticias.com.br\/se\/wp-json\/wp\/v2\/posts\/29324"}],"collection":[{"href":"https:\/\/senoticias.com.br\/se\/wp-json\/wp\/v2\/posts"}],"about":[{"href":"https:\/\/senoticias.com.br\/se\/wp-json\/wp\/v2\/types\/post"}],"author":[{"embeddable":true,"href":"https:\/\/senoticias.com.br\/se\/wp-json\/wp\/v2\/users\/3"}],"replies":[{"embeddable":true,"href":"https:\/\/senoticias.com.br\/se\/wp-json\/wp\/v2\/comments?post=29324"}],"version-history":[{"count":0,"href":"https:\/\/senoticias.com.br\/se\/wp-json\/wp\/v2\/posts\/29324\/revisions"}],"wp:featuredmedia":[{"embeddable":true,"href":"https:\/\/senoticias.com.br\/se\/wp-json\/wp\/v2\/media\/29325"}],"wp:attachment":[{"href":"https:\/\/senoticias.com.br\/se\/wp-json\/wp\/v2\/media?parent=29324"}],"wp:term":[{"taxonomy":"category","embeddable":true,"href":"https:\/\/senoticias.com.br\/se\/wp-json\/wp\/v2\/categories?post=29324"},{"taxonomy":"post_tag","embeddable":true,"href":"https:\/\/senoticias.com.br\/se\/wp-json\/wp\/v2\/tags?post=29324"}],"curies":[{"name":"wp","href":"https:\/\/api.w.org\/{rel}","templated":true}]}}