{"id":25933,"date":"2012-02-29T17:03:22","date_gmt":"2012-02-29T20:03:22","guid":{"rendered":"http:\/\/senoticias.com.br\/se\/?p=25933"},"modified":"2012-03-01T13:46:42","modified_gmt":"2012-03-01T16:46:42","slug":"ex-prefeito-de-neopolis-e-processado-pelo-mpf-por-irregularidades-em-convenio","status":"publish","type":"post","link":"https:\/\/senoticias.com.br\/se\/ex-prefeito-de-neopolis-e-processado-pelo-mpf-por-irregularidades-em-convenio\/","title":{"rendered":"Ex-prefeito de Ne\u00f3polis \u00e9 processado pelo MPF por irregularidades em conv\u00eanio"},"content":{"rendered":"<div id=\"attachment_25934\" style=\"width: 310px\" class=\"wp-caption alignleft\"><a href=\"http:\/\/senoticias.com.br\/se\/wp-content\/uploads\/2012\/02\/grande-felipe-barreto-NEOPOLIS.jpg\"><img loading=\"lazy\" decoding=\"async\" aria-describedby=\"caption-attachment-25934\" class=\"size-medium wp-image-25934\" title=\"grande-felipe-barreto-NEOPOLIS\" src=\"http:\/\/senoticias.com.br\/se\/wp-content\/uploads\/2012\/02\/grande-felipe-barreto-NEOPOLIS-300x215.jpg\" alt=\"\" width=\"300\" height=\"215\" srcset=\"https:\/\/senoticias.com.br\/se\/wp-content\/uploads\/2012\/02\/grande-felipe-barreto-NEOPOLIS-300x215.jpg 300w, https:\/\/senoticias.com.br\/se\/wp-content\/uploads\/2012\/02\/grande-felipe-barreto-NEOPOLIS-342x245.jpg 342w, https:\/\/senoticias.com.br\/se\/wp-content\/uploads\/2012\/02\/grande-felipe-barreto-NEOPOLIS-90x65.jpg 90w, https:\/\/senoticias.com.br\/se\/wp-content\/uploads\/2012\/02\/grande-felipe-barreto-NEOPOLIS.jpg 700w\" sizes=\"(max-width: 300px) 100vw, 300px\" \/><\/a><p id=\"caption-attachment-25934\" class=\"wp-caption-text\">MPF\/SE est\u00e1 processando o ex-prefeito do munic\u00edpio de Ne\u00f3polis, Felipe Feitosa Barreto. (Foto: Reprodu\u00e7\u00e3o)<\/p><\/div>\n<p style=\"text-align: justify;\">O Minist\u00e9rio P\u00fablico Federal em Sergipe (MPF\/SE) est\u00e1 processando o ex-prefeito do munic\u00edpio de Ne\u00f3polis, Felipe Feitosa Barreto. Quando exerceu o cargo entre maio e outubro de 2009, Felipe Feitosa recebeu recursos do Minist\u00e9rio da Sa\u00fade (MS) para adquirir equipamentos e materiais odontol\u00f3gicos, mas nada foi comprado.<\/p>\n<p style=\"text-align: justify;\">Verificou-se que a partir de um conv\u00eanio com o MS foi liberada a verba de R$ 100 mil para ser empregada na estrutura\u00e7\u00e3o da rede de servi\u00e7os de sa\u00fade. Al\u00e9m de n\u00e3o ter havido a execu\u00e7\u00e3o dessa meta do conv\u00eanio, a respectiva presta\u00e7\u00e3o de contas n\u00e3o foi feita e os documentos pertinentes n\u00e3o foram deixados para a administra\u00e7\u00e3o municipal seguinte.<\/p>\n<p style=\"text-align: justify;\">Em valores atualizados, R$ 136 mil foi o dano causado ao er\u00e1rio. De acordo com a procuradora da Rep\u00fablica que assina a a\u00e7\u00e3o, Eunice Dantas Carvalho, n\u00e3o resta d\u00favidas de que a n\u00e3o execu\u00e7\u00e3o do conv\u00eanio e a n\u00e3o demonstra\u00e7\u00e3o de como as quantias federais foram utilizadas causam les\u00e3o ao patrim\u00f4nio da Uni\u00e3o e s\u00e3o caracterizadas como m\u00e1 administra\u00e7\u00e3o p\u00fablica.<\/p>\n<p style=\"text-align: justify;\">Penalidades &#8211; O MPF\/SE requer que o r\u00e9u seja condenado \u00e0s penalidades contidas na Lei de Improbidade Administrativa, que prev\u00ea, em linhas gerais, o ressarcimento integral do dano, pagamento de multa, proibi\u00e7\u00e3o de contratar com o poder p\u00fablico e a suspens\u00e3o dos direitos pol\u00edticos por at\u00e9 oito anos.<\/p>\n<p style=\"text-align: justify;\"><strong>Assessoria de Comunica\u00e7\u00e3o<\/strong><br \/>\n<strong>Minist\u00e9rio P\u00fablico Federal em Sergipe<\/strong><\/p>\n","protected":false},"excerpt":{"rendered":"<p>O Minist\u00e9rio P\u00fablico Federal em Sergipe (MPF\/SE) est\u00e1 processando o ex-prefeito do munic\u00edpio de Ne\u00f3polis, Felipe Feitosa Barreto. Quando exerceu o cargo entre maio e outubro de 2009, Felipe Feitosa recebeu recursos do Minist\u00e9rio da Sa\u00fade (MS) para adquirir equipamentos e materiais odontol\u00f3gicos, mas nada foi comprado. Verificou-se que a partir de um conv\u00eanio com [&hellip;]<\/p>\n","protected":false},"author":3,"featured_media":25934,"comment_status":"closed","ping_status":"closed","sticky":false,"template":"","format":"standard","meta":{"footnotes":""},"categories":[38],"tags":[],"class_list":{"0":"post-25933","1":"post","2":"type-post","3":"status-publish","4":"format-standard","5":"has-post-thumbnail","7":"category-municipios"},"_links":{"self":[{"href":"https:\/\/senoticias.com.br\/se\/wp-json\/wp\/v2\/posts\/25933"}],"collection":[{"href":"https:\/\/senoticias.com.br\/se\/wp-json\/wp\/v2\/posts"}],"about":[{"href":"https:\/\/senoticias.com.br\/se\/wp-json\/wp\/v2\/types\/post"}],"author":[{"embeddable":true,"href":"https:\/\/senoticias.com.br\/se\/wp-json\/wp\/v2\/users\/3"}],"replies":[{"embeddable":true,"href":"https:\/\/senoticias.com.br\/se\/wp-json\/wp\/v2\/comments?post=25933"}],"version-history":[{"count":0,"href":"https:\/\/senoticias.com.br\/se\/wp-json\/wp\/v2\/posts\/25933\/revisions"}],"wp:featuredmedia":[{"embeddable":true,"href":"https:\/\/senoticias.com.br\/se\/wp-json\/wp\/v2\/media\/25934"}],"wp:attachment":[{"href":"https:\/\/senoticias.com.br\/se\/wp-json\/wp\/v2\/media?parent=25933"}],"wp:term":[{"taxonomy":"category","embeddable":true,"href":"https:\/\/senoticias.com.br\/se\/wp-json\/wp\/v2\/categories?post=25933"},{"taxonomy":"post_tag","embeddable":true,"href":"https:\/\/senoticias.com.br\/se\/wp-json\/wp\/v2\/tags?post=25933"}],"curies":[{"name":"wp","href":"https:\/\/api.w.org\/{rel}","templated":true}]}}