{"id":25480,"date":"2012-02-23T15:39:41","date_gmt":"2012-02-23T17:39:41","guid":{"rendered":"http:\/\/senoticias.com.br\/se\/?p=25480"},"modified":"2012-02-23T15:39:54","modified_gmt":"2012-02-23T17:39:54","slug":"seguranca-publica-getam-trabalha-no-combate-a-criminalidade","status":"publish","type":"post","link":"https:\/\/senoticias.com.br\/se\/seguranca-publica-getam-trabalha-no-combate-a-criminalidade\/","title":{"rendered":"Seguran\u00e7a P\u00fablica: GETAM trabalha no combate \u00e0 criminalidade"},"content":{"rendered":"<p style=\"text-align: justify;\"><a href=\"http:\/\/senoticias.com.br\/se\/wp-content\/uploads\/2011\/10\/Getam1.jpg\"><img loading=\"lazy\" decoding=\"async\" class=\"alignleft size-medium wp-image-16746\" title=\"Getam\" src=\"http:\/\/senoticias.com.br\/se\/wp-content\/uploads\/2011\/10\/Getam1-283x300.jpg\" alt=\"\" width=\"283\" height=\"300\" srcset=\"https:\/\/senoticias.com.br\/se\/wp-content\/uploads\/2011\/10\/Getam1-283x300.jpg 283w, https:\/\/senoticias.com.br\/se\/wp-content\/uploads\/2011\/10\/Getam1-80x85.jpg 80w, https:\/\/senoticias.com.br\/se\/wp-content\/uploads\/2011\/10\/Getam1.jpg 336w\" sizes=\"(max-width: 283px) 100vw, 283px\" \/><\/a>O Grupamento Especial T\u00e1tico de Motos (Getam) age constantemente em todo o estado. De acordo com o capit\u00e3o Jorge Cirilo, comandante do grupo, o trabalho da equipe tem por objetivo o combate \u00e0 criminalidade. \u201cEssa semana, conseguimos entregar aos seus propriet\u00e1rios cerca de 12 motocicletas e tr\u00eas autom\u00f3veis. Diante da atual situa\u00e7\u00e3o da seguran\u00e7a p\u00fablica, estamos tentando desempenhar nossa fun\u00e7\u00e3o, focando a pacifica\u00e7\u00e3o social\u201d, destacou o capit\u00e3o em entrevista \u00e0 jornalista Valqu\u00edria Miron durante o Sergipe Not\u00edcias (TV Atalaia).<\/p>\n<p style=\"text-align: justify;\">O principal foco do Getam s\u00e3o os assaltos a bancos e casas lot\u00e9ricas, principalmente com o uso das motocicletas. Al\u00e9m disso, o Grupamento, em parceria com o Departamento Estadual de Tr\u00e2nsito (Detran), atua no controle do tr\u00e2nsito em Sergipe, fiscalizando a regularidade dos licenciamentos, utiliza\u00e7\u00e3o de celulares pelo condutor, cinto de seguran\u00e7a e outros elementos importantes. \u201cEmbora a popula\u00e7\u00e3o fa\u00e7a questionamentos, \u00e9 necess\u00e1rio que ela se conscientize da import\u00e2ncia do Getam para a comunidade\u201d, ressalta.<\/p>\n<p style=\"text-align: justify;\">Segundo o comandante, o governador Marcelo D\u00e9da (PT) reconhece o trabalho da equipe. \u201cO governador tem sinalizado positivamente em rela\u00e7\u00e3o aos nossos servi\u00e7os e, para nossa alegria, foi anunciado que teremos equipamentos de prote\u00e7\u00e3o para fortalecer as a\u00e7\u00f5es. Al\u00e9m disso, nos pr\u00f3ximos 90 dias, ser\u00e3o compradas 40 motocicletas para reequipar o Getam\u201d, afirma. Em rela\u00e7\u00e3o \u00e0s greves dos policiais na Bahia e Rio de Janeiro, Jorge Cirilo aposta no di\u00e1logo como forma de resolver esses impasses. \u201cNessa seara, quem n\u00e3o pode sofrer \u00e9 a popula\u00e7\u00e3o\u201d, finaliza.<\/p>\n<p style=\"text-align: justify;\">por LAYS MILLENA<\/p>\n","protected":false},"excerpt":{"rendered":"<p>O Grupamento Especial T\u00e1tico de Motos (Getam) age constantemente em todo o estado. De acordo com o capit\u00e3o Jorge Cirilo, comandante do grupo, o trabalho da equipe tem por objetivo o combate \u00e0 criminalidade. \u201cEssa semana, conseguimos entregar aos seus propriet\u00e1rios cerca de 12 motocicletas e tr\u00eas autom\u00f3veis. Diante da atual situa\u00e7\u00e3o da seguran\u00e7a p\u00fablica, [&hellip;]<\/p>\n","protected":false},"author":3,"featured_media":16746,"comment_status":"closed","ping_status":"closed","sticky":false,"template":"","format":"standard","meta":{"footnotes":""},"categories":[7],"tags":[],"class_list":{"0":"post-25480","1":"post","2":"type-post","3":"status-publish","4":"format-standard","5":"has-post-thumbnail","7":"category-policia"},"_links":{"self":[{"href":"https:\/\/senoticias.com.br\/se\/wp-json\/wp\/v2\/posts\/25480"}],"collection":[{"href":"https:\/\/senoticias.com.br\/se\/wp-json\/wp\/v2\/posts"}],"about":[{"href":"https:\/\/senoticias.com.br\/se\/wp-json\/wp\/v2\/types\/post"}],"author":[{"embeddable":true,"href":"https:\/\/senoticias.com.br\/se\/wp-json\/wp\/v2\/users\/3"}],"replies":[{"embeddable":true,"href":"https:\/\/senoticias.com.br\/se\/wp-json\/wp\/v2\/comments?post=25480"}],"version-history":[{"count":0,"href":"https:\/\/senoticias.com.br\/se\/wp-json\/wp\/v2\/posts\/25480\/revisions"}],"wp:featuredmedia":[{"embeddable":true,"href":"https:\/\/senoticias.com.br\/se\/wp-json\/wp\/v2\/media\/16746"}],"wp:attachment":[{"href":"https:\/\/senoticias.com.br\/se\/wp-json\/wp\/v2\/media?parent=25480"}],"wp:term":[{"taxonomy":"category","embeddable":true,"href":"https:\/\/senoticias.com.br\/se\/wp-json\/wp\/v2\/categories?post=25480"},{"taxonomy":"post_tag","embeddable":true,"href":"https:\/\/senoticias.com.br\/se\/wp-json\/wp\/v2\/tags?post=25480"}],"curies":[{"name":"wp","href":"https:\/\/api.w.org\/{rel}","templated":true}]}}