{"id":25475,"date":"2012-02-23T12:45:38","date_gmt":"2012-02-23T14:45:38","guid":{"rendered":"http:\/\/senoticias.com.br\/se\/?p=25475"},"modified":"2012-02-24T15:36:42","modified_gmt":"2012-02-24T17:36:42","slug":"prefeito-de-itabaiana-pode-ter-bens-bloqueados-por-descumprir-acao-do-mpe","status":"publish","type":"post","link":"https:\/\/senoticias.com.br\/se\/prefeito-de-itabaiana-pode-ter-bens-bloqueados-por-descumprir-acao-do-mpe\/","title":{"rendered":"Prefeito de Itabaiana pode ter bens bloqueados por descumprir a\u00e7\u00e3o do MPE"},"content":{"rendered":"<p>&nbsp;<\/p>\n<div id=\"attachment_11402\" style=\"width: 186px\" class=\"wp-caption alignleft\"><a href=\"http:\/\/senoticias.com.br\/se\/wp-content\/uploads\/2011\/08\/luciano_bispo.jpg\"><img loading=\"lazy\" decoding=\"async\" aria-describedby=\"caption-attachment-11402\" class=\"size-full wp-image-11402\" title=\"luciano_bispo\" src=\"http:\/\/senoticias.com.br\/se\/wp-content\/uploads\/2011\/08\/luciano_bispo.jpg\" alt=\"\" width=\"176\" height=\"206\" \/><\/a><p id=\"caption-attachment-11402\" class=\"wp-caption-text\">MPE pede indisponibilidade dos bens do prefeito no valor de R$ 220.000 reais, relativos \u00e0 multa arbitrada pelo descumprimento do Termo de Ajustamento de Conduta. (Foto: Reprodu\u00e7\u00e3o)<\/p><\/div>\n<p style=\"text-align: justify;\">Por conta do descumprimento do Termo de Ajustamento de Conduta (TAC) celebrado em 16 de junho de 2011, pelo Minist\u00e9rio P\u00fablico de Sergipe e o Munic\u00edpio de Itabaiana, a promotoria de justi\u00e7a de Itabaiana, por interm\u00e9dio da promotora de justi\u00e7a, Allana Rachel Monteiro Batista Soares Costa, ajuizou A\u00e7\u00e3o de Execu\u00e7\u00e3o com pedido Liminar, em face do prefeito municipal Luciano Bispo de Lima.<\/p>\n<p style=\"text-align: justify;\">Contrariando as cl\u00e1usulas acordadas no TAC, o munic\u00edpio em quest\u00e3o, continuou atrasando o sal\u00e1rio dos funcion\u00e1rios p\u00fablicos municipais, causando graves preju\u00edzos n\u00e3o s\u00f3 ao funcionalismo p\u00fablico, mas a toda sociedade itabaianense, tendo em vista que, com o atraso salarial, os servidores est\u00e3o sofrendo graves consequ\u00eancias quanto \u00e0 manuten\u00e7\u00e3o de sua subsist\u00eancia.<\/p>\n<p style=\"text-align: justify;\">De acordo com os autos da A\u00e7\u00e3o, ficou evidente que o problema da prefeitura de Itabaiana est\u00e1 na m\u00e1 gest\u00e3o de recursos p\u00fablicos e na invers\u00e3o de estabelecimento de prioridades, pois o pagamento em dia dos servidores, n\u00e3o pode ficar em segundo plano, sob pena de comprometimento do Direito Fundamental ao M\u00ednimo Existencial.<\/p>\n<p style=\"text-align: justify;\">Assim, foi intentada a referida execu\u00e7\u00e3o, pedindo liminarmente a indisponibilidade dos bens do prefeito no valor de R$ 220.000 reais, relativos \u00e0 multa arbitrada pelo descumprimento do Termo de Ajustamento de Conduta. O referido valor dever\u00e1 ser bloqueado atrav\u00e9s do sistema do bacen jud.<\/p>\n<p style=\"text-align: justify;\">MPE<\/p>\n","protected":false},"excerpt":{"rendered":"<p>&nbsp; Por conta do descumprimento do Termo de Ajustamento de Conduta (TAC) celebrado em 16 de junho de 2011, pelo Minist\u00e9rio P\u00fablico de Sergipe e o Munic\u00edpio de Itabaiana, a promotoria de justi\u00e7a de Itabaiana, por interm\u00e9dio da promotora de justi\u00e7a, Allana Rachel Monteiro Batista Soares Costa, ajuizou A\u00e7\u00e3o de Execu\u00e7\u00e3o com pedido Liminar, em [&hellip;]<\/p>\n","protected":false},"author":3,"featured_media":11402,"comment_status":"closed","ping_status":"closed","sticky":false,"template":"","format":"standard","meta":{"footnotes":""},"categories":[6],"tags":[],"class_list":{"0":"post-25475","1":"post","2":"type-post","3":"status-publish","4":"format-standard","5":"has-post-thumbnail","7":"category-politica"},"_links":{"self":[{"href":"https:\/\/senoticias.com.br\/se\/wp-json\/wp\/v2\/posts\/25475"}],"collection":[{"href":"https:\/\/senoticias.com.br\/se\/wp-json\/wp\/v2\/posts"}],"about":[{"href":"https:\/\/senoticias.com.br\/se\/wp-json\/wp\/v2\/types\/post"}],"author":[{"embeddable":true,"href":"https:\/\/senoticias.com.br\/se\/wp-json\/wp\/v2\/users\/3"}],"replies":[{"embeddable":true,"href":"https:\/\/senoticias.com.br\/se\/wp-json\/wp\/v2\/comments?post=25475"}],"version-history":[{"count":0,"href":"https:\/\/senoticias.com.br\/se\/wp-json\/wp\/v2\/posts\/25475\/revisions"}],"wp:featuredmedia":[{"embeddable":true,"href":"https:\/\/senoticias.com.br\/se\/wp-json\/wp\/v2\/media\/11402"}],"wp:attachment":[{"href":"https:\/\/senoticias.com.br\/se\/wp-json\/wp\/v2\/media?parent=25475"}],"wp:term":[{"taxonomy":"category","embeddable":true,"href":"https:\/\/senoticias.com.br\/se\/wp-json\/wp\/v2\/categories?post=25475"},{"taxonomy":"post_tag","embeddable":true,"href":"https:\/\/senoticias.com.br\/se\/wp-json\/wp\/v2\/tags?post=25475"}],"curies":[{"name":"wp","href":"https:\/\/api.w.org\/{rel}","templated":true}]}}