{"id":25470,"date":"2012-02-23T10:30:38","date_gmt":"2012-02-23T12:30:38","guid":{"rendered":"http:\/\/senoticias.com.br\/se\/?p=25470"},"modified":"2012-02-23T10:31:55","modified_gmt":"2012-02-23T12:31:55","slug":"governo-adota-mecanismos-mais-fortes-de-controle-e-administracao-de-gastos","status":"publish","type":"post","link":"https:\/\/senoticias.com.br\/se\/governo-adota-mecanismos-mais-fortes-de-controle-e-administracao-de-gastos\/","title":{"rendered":"Governo adota mecanismos mais fortes de controle e administra\u00e7\u00e3o de gastos"},"content":{"rendered":"<p><span style=\"color: #333333;\"><strong>J\u00e1 em vigor em diversos \u00f3rg\u00e3os e secretarias do Governo desde o ano passado, essa nova forma consiste na prioriza\u00e7\u00e3o do controle de consumo e administra\u00e7\u00e3o do uso do combust\u00edvel<\/strong><\/span><\/p>\n<p style=\"text-align: justify;\"><a href=\"http:\/\/senoticias.com.br\/se\/wp-content\/uploads\/2012\/02\/image6.jpeg\"><img loading=\"lazy\" decoding=\"async\" class=\"alignleft size-medium wp-image-25471\" title=\"image6\" src=\"http:\/\/senoticias.com.br\/se\/wp-content\/uploads\/2012\/02\/image6-300x199.jpg\" alt=\"\" width=\"300\" height=\"199\" srcset=\"https:\/\/senoticias.com.br\/se\/wp-content\/uploads\/2012\/02\/image6-300x199.jpg 300w, https:\/\/senoticias.com.br\/se\/wp-content\/uploads\/2012\/02\/image6-342x227.jpg 342w, https:\/\/senoticias.com.br\/se\/wp-content\/uploads\/2012\/02\/image6.jpeg 800w\" sizes=\"(max-width: 300px) 100vw, 300px\" \/><\/a>Em mat\u00e9ria de administra\u00e7\u00e3o, \u00e9 un\u00e2nime o entendimento de que, para usar os recursos com mais qualidade, \u00e9 preciso haver uma gest\u00e3o controlada e planejada. Diante disso, o Governo do Estado inova ao adotar, por meio da Secretaria de Estado do Planejamento, Or\u00e7amento e Gest\u00e3o (Seplag), mecanismos cada vez mais fortalecidos de controle e administra\u00e7\u00e3o dos gastos p\u00fablicos.<\/p>\n<p style=\"text-align: justify;\">Em reuni\u00e3o com representantes de diversas secretarias e \u00f3rg\u00e3os, o gestor da Seplag, Oliveira J\u00fanior, apontou que um dos exemplos e resultados deste modelo de gest\u00e3o \u00e9 o novo modo de consumo de combust\u00edveis no \u00e2mbito da administra\u00e7\u00e3o estadual. J\u00e1 em vigor em diversos \u00f3rg\u00e3os e secretarias do Governo desde o ano passado, essa nova forma consiste na prioriza\u00e7\u00e3o do controle de consumo e administra\u00e7\u00e3o do uso do combust\u00edvel.<\/p>\n<p style=\"text-align: justify;\">\u201cEm 2010, implementamos o modelo de compra de combust\u00edvel de forma centralizada, em que o Governo adquire o combust\u00edvel no atacado e administra pontos de abastecimento dos ve\u00edculos. Para proporcionar mais economia e controle, adotamos agora um novo modelo que tem como principal objetivo oferecer mais dados e estat\u00edsticas sobre como o produto est\u00e1 sendo usado\u201d, revela o secret\u00e1rio Oliveira J\u00fanior.<\/p>\n<p style=\"text-align: justify;\">Participaram da reuni\u00e3o representantes do Departamento Estadual de Infraestrutura Rodovi\u00e1ria (DER), do Departamento de Tr\u00e2nsito (Detran), da Empresa de Desenvolvimento Agr\u00e1rio (Emdagro), da Funda\u00e7\u00e3o Hospitalar de Sa\u00fade (FHS), da Pol\u00edcia Militar (PM\/SE), da Secretaria de Estado da Casa Civil (SECC), da Secretaria de Estado da Educa\u00e7\u00e3o (Seed), da Secretaria de Estado da Fazenda (Sefaz), da Secretaria de Estado da Justi\u00e7a e Cidadania (Sejuc), da Secretaria de Estado da Sa\u00fade (SES) e da Secretaria de Estado de Seguran\u00e7a P\u00fablica (SSP).<\/p>\n<p style=\"text-align: justify;\"><span style=\"color: #333333;\"><strong>Ag\u00eancia Sergipe de Not\u00edcias<\/strong><\/span><\/p>\n","protected":false},"excerpt":{"rendered":"<p>J\u00e1 em vigor em diversos \u00f3rg\u00e3os e secretarias do Governo desde o ano passado, essa nova forma consiste na prioriza\u00e7\u00e3o do controle de consumo e administra\u00e7\u00e3o do uso do combust\u00edvel Em mat\u00e9ria de administra\u00e7\u00e3o, \u00e9 un\u00e2nime o entendimento de que, para usar os recursos com mais qualidade, \u00e9 preciso haver uma gest\u00e3o controlada e planejada. [&hellip;]<\/p>\n","protected":false},"author":3,"featured_media":25471,"comment_status":"closed","ping_status":"closed","sticky":false,"template":"","format":"standard","meta":{"footnotes":""},"categories":[6],"tags":[],"class_list":{"0":"post-25470","1":"post","2":"type-post","3":"status-publish","4":"format-standard","5":"has-post-thumbnail","7":"category-politica"},"_links":{"self":[{"href":"https:\/\/senoticias.com.br\/se\/wp-json\/wp\/v2\/posts\/25470"}],"collection":[{"href":"https:\/\/senoticias.com.br\/se\/wp-json\/wp\/v2\/posts"}],"about":[{"href":"https:\/\/senoticias.com.br\/se\/wp-json\/wp\/v2\/types\/post"}],"author":[{"embeddable":true,"href":"https:\/\/senoticias.com.br\/se\/wp-json\/wp\/v2\/users\/3"}],"replies":[{"embeddable":true,"href":"https:\/\/senoticias.com.br\/se\/wp-json\/wp\/v2\/comments?post=25470"}],"version-history":[{"count":0,"href":"https:\/\/senoticias.com.br\/se\/wp-json\/wp\/v2\/posts\/25470\/revisions"}],"wp:featuredmedia":[{"embeddable":true,"href":"https:\/\/senoticias.com.br\/se\/wp-json\/wp\/v2\/media\/25471"}],"wp:attachment":[{"href":"https:\/\/senoticias.com.br\/se\/wp-json\/wp\/v2\/media?parent=25470"}],"wp:term":[{"taxonomy":"category","embeddable":true,"href":"https:\/\/senoticias.com.br\/se\/wp-json\/wp\/v2\/categories?post=25470"},{"taxonomy":"post_tag","embeddable":true,"href":"https:\/\/senoticias.com.br\/se\/wp-json\/wp\/v2\/tags?post=25470"}],"curies":[{"name":"wp","href":"https:\/\/api.w.org\/{rel}","templated":true}]}}