{"id":25465,"date":"2012-02-23T10:07:53","date_gmt":"2012-02-23T12:07:53","guid":{"rendered":"http:\/\/senoticias.com.br\/se\/?p=25465"},"modified":"2012-02-23T10:11:04","modified_gmt":"2012-02-23T12:11:04","slug":"policia-rodoviaria-federal-divulga-numeros-da-operacao-carnaval","status":"publish","type":"post","link":"https:\/\/senoticias.com.br\/se\/policia-rodoviaria-federal-divulga-numeros-da-operacao-carnaval\/","title":{"rendered":"Pol\u00edcia Rodovi\u00e1ria Federal divulga n\u00fameros da Opera\u00e7\u00e3o Carnaval"},"content":{"rendered":"<p style=\"text-align: justify;\"><a href=\"http:\/\/senoticias.com.br\/se\/wp-content\/uploads\/2011\/08\/PRF.jpg\"><img loading=\"lazy\" decoding=\"async\" class=\"alignleft size-full wp-image-11093\" title=\"PRF\" src=\"http:\/\/senoticias.com.br\/se\/wp-content\/uploads\/2011\/08\/PRF.jpg\" alt=\"\" width=\"229\" height=\"220\" \/><\/a>Bras\u00edlia &#8211; A Pol\u00edcia Rodovi\u00e1ria Federal (PRF) divulga hoje (23) o balan\u00e7o da Opera\u00e7\u00e3o Carnaval. Os dados ser\u00e3o apresentados \u00e0s 14h no site da PRF e em entrevista coletiva na sede do \u00f3rg\u00e3o em Contagem, Minas Gerais.<\/p>\n<p style=\"text-align: justify;\">A diretora-geral da Pol\u00edcia Rodovi\u00e1ria, inspetora Maria Alice Nascimento Souza e sua equipe v\u00e3o mostrar as estat\u00edsticas rodovi\u00e1rias correspondentes ao per\u00edodo de carnaval.<\/p>\n<p style=\"text-align: justify;\">Balan\u00e7o parcial, divulgado segunda-feira (20) pela PRF, revelou que houve redu\u00e7\u00e3o no n\u00famero de acidentes e de mortes nos primeiros dias de carnaval, em compara\u00e7\u00e3o ao mesmo per\u00edodo do ano passado. O n\u00famero de acidentes de tr\u00e2nsito e de pessoas feridas apresentou redu\u00e7\u00e3o de quase um ter\u00e7o nas rodovias federais, em rela\u00e7\u00e3o aos primeiros dias da Opera\u00e7\u00e3o Carnaval em 2011. O n\u00famero de mortes nas ocorr\u00eancias de tr\u00e2nsito tamb\u00e9m caiu: de 135 em 2011 para 122 em 2012.<\/p>\n<p style=\"text-align: justify;\">Da Ag\u00eancia Brasil<\/p>\n","protected":false},"excerpt":{"rendered":"<p>Bras\u00edlia &#8211; A Pol\u00edcia Rodovi\u00e1ria Federal (PRF) divulga hoje (23) o balan\u00e7o da Opera\u00e7\u00e3o Carnaval. Os dados ser\u00e3o apresentados \u00e0s 14h no site da PRF e em entrevista coletiva na sede do \u00f3rg\u00e3o em Contagem, Minas Gerais. A diretora-geral da Pol\u00edcia Rodovi\u00e1ria, inspetora Maria Alice Nascimento Souza e sua equipe v\u00e3o mostrar as estat\u00edsticas rodovi\u00e1rias [&hellip;]<\/p>\n","protected":false},"author":3,"featured_media":11093,"comment_status":"closed","ping_status":"closed","sticky":false,"template":"","format":"standard","meta":{"footnotes":""},"categories":[7],"tags":[],"class_list":{"0":"post-25465","1":"post","2":"type-post","3":"status-publish","4":"format-standard","5":"has-post-thumbnail","7":"category-policia"},"_links":{"self":[{"href":"https:\/\/senoticias.com.br\/se\/wp-json\/wp\/v2\/posts\/25465"}],"collection":[{"href":"https:\/\/senoticias.com.br\/se\/wp-json\/wp\/v2\/posts"}],"about":[{"href":"https:\/\/senoticias.com.br\/se\/wp-json\/wp\/v2\/types\/post"}],"author":[{"embeddable":true,"href":"https:\/\/senoticias.com.br\/se\/wp-json\/wp\/v2\/users\/3"}],"replies":[{"embeddable":true,"href":"https:\/\/senoticias.com.br\/se\/wp-json\/wp\/v2\/comments?post=25465"}],"version-history":[{"count":0,"href":"https:\/\/senoticias.com.br\/se\/wp-json\/wp\/v2\/posts\/25465\/revisions"}],"wp:featuredmedia":[{"embeddable":true,"href":"https:\/\/senoticias.com.br\/se\/wp-json\/wp\/v2\/media\/11093"}],"wp:attachment":[{"href":"https:\/\/senoticias.com.br\/se\/wp-json\/wp\/v2\/media?parent=25465"}],"wp:term":[{"taxonomy":"category","embeddable":true,"href":"https:\/\/senoticias.com.br\/se\/wp-json\/wp\/v2\/categories?post=25465"},{"taxonomy":"post_tag","embeddable":true,"href":"https:\/\/senoticias.com.br\/se\/wp-json\/wp\/v2\/tags?post=25465"}],"curies":[{"name":"wp","href":"https:\/\/api.w.org\/{rel}","templated":true}]}}