{"id":25454,"date":"2012-02-23T07:18:52","date_gmt":"2012-02-23T09:18:52","guid":{"rendered":"http:\/\/senoticias.com.br\/se\/?p=25454"},"modified":"2012-02-23T20:13:39","modified_gmt":"2012-02-23T22:13:39","slug":"de-virada-vasco-desfila-competencia-e-vai-para-a-final-da-taca-guanabara","status":"publish","type":"post","link":"https:\/\/senoticias.com.br\/se\/de-virada-vasco-desfila-competencia-e-vai-para-a-final-da-taca-guanabara\/","title":{"rendered":"DE VIRADA, VASCO DESFILA COMPET\u00caNCIA E VAI PARA A FINAL DA TA\u00c7A GUANABARA"},"content":{"rendered":"<p>&nbsp;<\/p>\n<p style=\"text-align: justify;\">A folia carioca acabou oficialmente na ter\u00e7a-feira, mas o clima de carnaval continua em S\u00e3o Janu\u00e1rio. A quarta, mesmo sendo de cinzas, ainda foi motivo de comemora\u00e7\u00e3o para o Vasco. O Flamengo fez bonita apresenta\u00e7\u00e3o, mas n\u00e3o o suficiente para superar o conjunto e a harmonia do time de Crist\u00f3v\u00e3o Borges. Na Ta\u00e7a Guanabara, o bloco que segue em festa \u00e9 o cruz-maltino. A virada por 2 a 1 encerra um jejum de quase tr\u00eas anos &#8211; ou oito partidas &#8211; sem vit\u00f3ria sobre o rival no Cl\u00e1ssico dos Milh\u00f5es e mant\u00e9m os 100% de aproveitamento do time no torneio.<\/p>\n<div id=\"attachment_25455\" style=\"width: 599px\" class=\"wp-caption aligncenter\"><a href=\"http:\/\/senoticias.com.br\/se\/wp-content\/uploads\/2012\/02\/diegosouza-flick-2.jpg\"><img loading=\"lazy\" decoding=\"async\" aria-describedby=\"caption-attachment-25455\" class=\"size-full wp-image-25455\" title=\"diegosouza-flick-2\" src=\"http:\/\/senoticias.com.br\/se\/wp-content\/uploads\/2012\/02\/diegosouza-flick-2.jpg\" alt=\"\" width=\"589\" height=\"371\" srcset=\"https:\/\/senoticias.com.br\/se\/wp-content\/uploads\/2012\/02\/diegosouza-flick-2.jpg 589w, https:\/\/senoticias.com.br\/se\/wp-content\/uploads\/2012\/02\/diegosouza-flick-2-300x188.jpg 300w, https:\/\/senoticias.com.br\/se\/wp-content\/uploads\/2012\/02\/diegosouza-flick-2-342x215.jpg 342w\" sizes=\"(max-width: 589px) 100vw, 589px\" \/><\/a><p id=\"caption-attachment-25455\" class=\"wp-caption-text\">Juninho, Diego Souza e Alecsandro foram os destaques do Vasco (Foto: Marcelo Sadio\/Vasco.com.br)<\/p><\/div>\n<p style=\"text-align: justify;\">Na ressaca do carnaval, houve destaque at\u00e9 para quem atravessou o samba &#8211; e feio. Deivid, com o gol aberto \u00e0 sua frente quando o jogo estava 1 a 1, conseguiu acertar a trave. Teve seu nome gritado pela torcida rival duas vezes, ap\u00f3s o lance e ao ser substitu\u00eddo no segundo tempo. Com ironia, os vasca\u00ednos gritaram tamb\u00e9m &#8220;\u00e9 Sele\u00e7\u00e3o&#8221;. Na sa\u00edda para o intervalo, o atacante declarou que foi o gol mais perdido da sua vida.<\/p>\n<p style=\"text-align: justify;\">Mestre da bateria vasca\u00edna, Juninho teve boa atua\u00e7\u00e3o e travou grande duelo com Felipe. Do outro lado do campo, Vagner Love e Ded\u00e9 disputavam lance a lance com muita vontade. O zagueiro foi melhor, mesmo com o gol do camisa 99. Mas o que pesou mesmo para a vit\u00f3ria foi a for\u00e7a de sua comiss\u00e3o de frente. Alecsandro, artilheiro do Campeonato Carioca, fez o primeiro gol, e Diego Souza, o segundo.<\/p>\n<p style=\"text-align: justify;\">A festa vasca\u00edna continua at\u00e9 domingo, quando disputa a final contra Botafogo ou Fluminense. Os times se enfrentam \u00e0s 21h desta quinta-feira, tamb\u00e9m no Engenh\u00e3o, na segunda semifinal da Ta\u00e7a Guanabara. J\u00e1 o Flamengo, que perdeu uma invencibilidade de 21 meses em cl\u00e1ssicos, volta a campo na pr\u00f3xima quarta-feira, contra o Boavista, pela primeira rodada da Ta\u00e7a Rio.<\/p>\n<p style=\"text-align: justify;\"><strong>Baterias a todo vapor<\/strong><\/p>\n<p style=\"text-align: justify;\">As duas equipes entraram em campo com ra\u00e7a para fazer bonito em frente aos jurados\/torcedores. Nem precisou de esquenta. Em poucos minutos, os principais destaques de cada equipe j\u00e1 mostravam que foram boas apostas de seus diretores. Vagner Love, que foi dos jogadores que mais aproveitaram a folia, deu uma sambadinha na frente da \u00e1rea vasca\u00edna e com ginga de corpo tirou Fagner de sua frente. Com precis\u00e3o, bateu de perna esquerda, sem chance para Fernando Prass. Festa no bloco vermelho e preto logo no primeiro lance da partida, aos dois minutos.<\/p>\n<p style=\"text-align: justify;\">A nota 10 conquistada t\u00e3o rapidamente pelo advers\u00e1rio deixou a agremia\u00e7\u00e3o cruz-maltina nervosa. Os ritmistas vasca\u00ednos tinham dificuldade de se encontrar no samba. Mas \u00e9 para isso que serve o mestre da bateria. Com um chute forte de fora da \u00e1rea, Juninho assustou Felipe, que soltou a bola nos p\u00e9s de Alecsandro. Ele n\u00e3o perdeu a chance e fez a festa mudar de lado, aos 14 minutos. Foi seu oitavo gol em oito jogos no estadual.<\/p>\n<p style=\"text-align: justify;\">Tudo isso veio antes da parada t\u00e9cnica para hidrata\u00e7\u00e3o. Os dois times continuaram apostando na for\u00e7a do conjunto para tentar chegar ao gol.<\/p>\n<p style=\"text-align: justify;\">Juninho e Fagner arriscaram de longe e assustaram Felipe. Na resposta, Ronaldinho cruzou para Deivid, mas a cabe\u00e7ada parou nas m\u00e3os de Fernando Prass.<\/p>\n<p style=\"text-align: justify;\">A for\u00e7a dos ataques fez brilhar a atua\u00e7\u00e3o tamb\u00e9m dos goleiros. Felipe fez uma sequ\u00eancia de boas defesas, em dois chutes de Juninho e um de Diego Souza. Prass brilhou do outro lado em chute cruzado de Deivid, ap\u00f3s bom passe longo de Renato.<\/p>\n<p style=\"text-align: justify;\">O jogo era bonito, e a vibra\u00e7\u00e3o na arquibancada era digna dos melhores desfiles. Mas sempre tem quem desafine. Em escanteio, Diego Souza ficou desmarcado, mas cabeceou para fora. No entanto, Deivid fez pior. Muito pior. L\u00e9o Moura passou por Rodolfo, tocou por entre as pernas de Prass e deixou o atacante de cara para o gol, livre. Ele conseguiu o mais dif\u00edcil e acertou a trave. Teve seu nome gritado pela torcida do Vasco, que, ironicamente, pediu sua convoca\u00e7\u00e3o para a Sele\u00e7\u00e3o.<\/p>\n<p style=\"text-align: justify;\"><strong>Ritmo diminui, Diego aparece e fecha o enredo da vit\u00f3ria<\/strong><\/p>\n<p style=\"text-align: justify;\">A segunda parte do jogo come\u00e7ou com as duas equipes segurando o ritmo. A correria diminuiu, mas n\u00e3o houve ganho na evolu\u00e7\u00e3o. Barbio e Alecsandro fizeram grande jogada, e o Cabeleira da Colina caiu na \u00e1rea. O Vasco pediu p\u00eanalti. Pouco depois, L\u00e9o Moura invadiu a \u00e1rea e foi ao ch\u00e3o. Dessa vez, o Flamengo pediu a penalidade m\u00e1xima.<\/p>\n<p style=\"text-align: justify;\">Com poucos lances dignos de nota, os dois t\u00e9cnicos decidiram mudar. Juninho deixou o campo para a entrada de Felipe. Deivid foi substitu\u00eddo por Bottinelli. A torcida do Vasco aplaudiu os dois jogadores substitu\u00eddos, embora n\u00e3o tenha gostado da sa\u00edda do Reizinho. William Barbio sentiu c\u00e3ibras e tamb\u00e9m precisou ser substitu\u00eddo. Kim entrou em seu lugar.<\/p>\n<p style=\"text-align: justify;\">Com as mudan\u00e7as, o Vasco perdeu for\u00e7a no meio. O Flamengo passou a igualar as a\u00e7\u00f5es e teve boas chances com Love e Ronaldinho. O camisa 99 recebeu na \u00e1rea e, mesmo marcado, conseguiu chutar. A bola foi para fora. O mesmo destino teve uma cabe\u00e7ada de R10 minutos depois.<\/p>\n<p style=\"text-align: justify;\">O Vasco seguia fazendo seu desfile de passes em busca de uma boa jogada. E ela saiu como uma surpresa de Paulo Barros, carnavalesco da Unidos do Tijuca, escola que j\u00e1 homenageou o Vasco em enredo nos anos 90. Fagner, quando menos se esperava, foi para o meio, tocou para Kim na direita e correu para a \u00e1rea. O atacante cruzou na medida, e o lateral cabeceou com for\u00e7a. Felipe defendeu, mas deu rebote. Diego Souza, que andava sumido, apareceu para garantir o gol da vit\u00f3ria de cabe\u00e7a.<\/p>\n<p style=\"text-align: justify;\">Joel ainda lan\u00e7ou Negueba para tentar dar mais for\u00e7a ao seu setor ofensivo. O Flamengo at\u00e9 dominou, teve algumas chances, mas nenhuma que realmente tenha obrigado Fernando Prass a realizar grande defesa. A quarta-feira foi mesmo de cinzas para o Rubro-Negro.<\/p>\n<p style=\"text-align: justify;\">Globo Esporte.com<\/p>\n","protected":false},"excerpt":{"rendered":"<p>&nbsp; A folia carioca acabou oficialmente na ter\u00e7a-feira, mas o clima de carnaval continua em S\u00e3o Janu\u00e1rio. A quarta, mesmo sendo de cinzas, ainda foi motivo de comemora\u00e7\u00e3o para o Vasco. O Flamengo fez bonita apresenta\u00e7\u00e3o, mas n\u00e3o o suficiente para superar o conjunto e a harmonia do time de Crist\u00f3v\u00e3o Borges. Na Ta\u00e7a Guanabara, [&hellip;]<\/p>\n","protected":false},"author":3,"featured_media":25455,"comment_status":"closed","ping_status":"closed","sticky":false,"template":"","format":"standard","meta":{"footnotes":""},"categories":[39],"tags":[],"class_list":{"0":"post-25454","1":"post","2":"type-post","3":"status-publish","4":"format-standard","5":"has-post-thumbnail","7":"category-esporte"},"_links":{"self":[{"href":"https:\/\/senoticias.com.br\/se\/wp-json\/wp\/v2\/posts\/25454"}],"collection":[{"href":"https:\/\/senoticias.com.br\/se\/wp-json\/wp\/v2\/posts"}],"about":[{"href":"https:\/\/senoticias.com.br\/se\/wp-json\/wp\/v2\/types\/post"}],"author":[{"embeddable":true,"href":"https:\/\/senoticias.com.br\/se\/wp-json\/wp\/v2\/users\/3"}],"replies":[{"embeddable":true,"href":"https:\/\/senoticias.com.br\/se\/wp-json\/wp\/v2\/comments?post=25454"}],"version-history":[{"count":0,"href":"https:\/\/senoticias.com.br\/se\/wp-json\/wp\/v2\/posts\/25454\/revisions"}],"wp:featuredmedia":[{"embeddable":true,"href":"https:\/\/senoticias.com.br\/se\/wp-json\/wp\/v2\/media\/25455"}],"wp:attachment":[{"href":"https:\/\/senoticias.com.br\/se\/wp-json\/wp\/v2\/media?parent=25454"}],"wp:term":[{"taxonomy":"category","embeddable":true,"href":"https:\/\/senoticias.com.br\/se\/wp-json\/wp\/v2\/categories?post=25454"},{"taxonomy":"post_tag","embeddable":true,"href":"https:\/\/senoticias.com.br\/se\/wp-json\/wp\/v2\/tags?post=25454"}],"curies":[{"name":"wp","href":"https:\/\/api.w.org\/{rel}","templated":true}]}}