{"id":25448,"date":"2012-02-23T07:10:32","date_gmt":"2012-02-23T09:10:32","guid":{"rendered":"http:\/\/senoticias.com.br\/se\/?p=25448"},"modified":"2012-02-24T07:55:20","modified_gmt":"2012-02-24T09:55:20","slug":"mais-de-30-pessoas-foram-resgatadas-pelos-bombeiros-apos-afogamentos-no-abais","status":"publish","type":"post","link":"https:\/\/senoticias.com.br\/se\/mais-de-30-pessoas-foram-resgatadas-pelos-bombeiros-apos-afogamentos-no-abais\/","title":{"rendered":"Mais de 30 pessoas foram resgatadas pelos bombeiros ap\u00f3s afogamentos no ABAIS."},"content":{"rendered":"<p><span style=\"color: #333333;\"><strong>Segundo informa\u00e7\u00f5es, sete homens do GMAR eram respons\u00e1veis pela seguran\u00e7a no Abais.<\/strong><\/span><\/p>\n<div id=\"attachment_25449\" style=\"width: 310px\" class=\"wp-caption alignleft\"><a href=\"http:\/\/senoticias.com.br\/se\/wp-content\/uploads\/2012\/02\/dsc_1798.jpg\"><img loading=\"lazy\" decoding=\"async\" aria-describedby=\"caption-attachment-25449\" class=\"size-medium wp-image-25449\" title=\"dsc_1798\" src=\"http:\/\/senoticias.com.br\/se\/wp-content\/uploads\/2012\/02\/dsc_1798-300x200.jpg\" alt=\"\" width=\"300\" height=\"200\" srcset=\"https:\/\/senoticias.com.br\/se\/wp-content\/uploads\/2012\/02\/dsc_1798-300x200.jpg 300w, https:\/\/senoticias.com.br\/se\/wp-content\/uploads\/2012\/02\/dsc_1798-342x228.jpg 342w, https:\/\/senoticias.com.br\/se\/wp-content\/uploads\/2012\/02\/dsc_1798.jpg 640w\" sizes=\"(max-width: 300px) 100vw, 300px\" \/><\/a><p id=\"caption-attachment-25449\" class=\"wp-caption-text\">Salva Vidas atento aos perigos - Foto: Pisca Jr<\/p><\/div>\n<p style=\"text-align: justify;\">Por volta das 12h da \u00faltima ter\u00e7a feira, 22, \u00faltimo dia dos festejos carnavalescos na Praia do Abais, o Deputado Gilson Andrade, PTC, acompanhado do rep\u00f3rter Pisca Jr e do Portal Igorsat, visitou a tenda de suporte do GMAR, grupamento mar\u00edtimo do Corpo de Bombeiros para buscar informa\u00e7\u00f5es sobre os trabalhos dos militares no solo estanciano.<\/p>\n<p style=\"text-align: justify;\">De acordo com informa\u00e7\u00f5es do \u201csalva vidas\u201d at\u00e9 aquele momento, trinta e duas pessoas j\u00e1 haviam sido socorridas ap\u00f3s afogamentos nas \u00e1guas do Abais. At\u00e9 aquele momento, nenhuma v\u00edtima com gravidade. Ainda segundo informa\u00e7\u00f5es, sete homens do GMAR eram respons\u00e1veis pela seguran\u00e7a no Abais. Na praia do Saco tamb\u00e9m existiam socorristas do GMAR.<\/p>\n<p style=\"text-align: justify;\">Morte:<\/p>\n<p style=\"text-align: justify;\">Aproximadamente tr\u00eas horas ap\u00f3s o boletim do GMAR que constava os 32 salvamentos, mais um afogamento foi registrado e dessa vez com propor\u00e7\u00f5es maiores. Segundo informa\u00e7\u00f5es repassadas a reda\u00e7\u00e3o do diariosergipano, dessa vez a v\u00edtima, mesmo sendo socorrida pelos militares, n\u00e3o resistiu e faleceu.<\/p>\n<p style=\"text-align: justify;\">De acordo com informa\u00e7\u00f5es, a v\u00edtima tem aproximadamente vinte e cinco anos, era da cidade de Boquim e respondia pelo nome de Roberto.<\/p>\n<p style=\"text-align: justify;\"><span style=\"color: #333333;\"><strong>Texto: Pisca J\u00fanior &#8211; Di\u00e1rio Sergipano<\/strong><\/span><\/p>\n","protected":false},"excerpt":{"rendered":"<p>Segundo informa\u00e7\u00f5es, sete homens do GMAR eram respons\u00e1veis pela seguran\u00e7a no Abais. Por volta das 12h da \u00faltima ter\u00e7a feira, 22, \u00faltimo dia dos festejos carnavalescos na Praia do Abais, o Deputado Gilson Andrade, PTC, acompanhado do rep\u00f3rter Pisca Jr e do Portal Igorsat, visitou a tenda de suporte do GMAR, grupamento mar\u00edtimo do Corpo [&hellip;]<\/p>\n","protected":false},"author":3,"featured_media":25449,"comment_status":"closed","ping_status":"closed","sticky":false,"template":"","format":"standard","meta":{"footnotes":""},"categories":[7],"tags":[],"class_list":{"0":"post-25448","1":"post","2":"type-post","3":"status-publish","4":"format-standard","5":"has-post-thumbnail","7":"category-policia"},"_links":{"self":[{"href":"https:\/\/senoticias.com.br\/se\/wp-json\/wp\/v2\/posts\/25448"}],"collection":[{"href":"https:\/\/senoticias.com.br\/se\/wp-json\/wp\/v2\/posts"}],"about":[{"href":"https:\/\/senoticias.com.br\/se\/wp-json\/wp\/v2\/types\/post"}],"author":[{"embeddable":true,"href":"https:\/\/senoticias.com.br\/se\/wp-json\/wp\/v2\/users\/3"}],"replies":[{"embeddable":true,"href":"https:\/\/senoticias.com.br\/se\/wp-json\/wp\/v2\/comments?post=25448"}],"version-history":[{"count":0,"href":"https:\/\/senoticias.com.br\/se\/wp-json\/wp\/v2\/posts\/25448\/revisions"}],"wp:featuredmedia":[{"embeddable":true,"href":"https:\/\/senoticias.com.br\/se\/wp-json\/wp\/v2\/media\/25449"}],"wp:attachment":[{"href":"https:\/\/senoticias.com.br\/se\/wp-json\/wp\/v2\/media?parent=25448"}],"wp:term":[{"taxonomy":"category","embeddable":true,"href":"https:\/\/senoticias.com.br\/se\/wp-json\/wp\/v2\/categories?post=25448"},{"taxonomy":"post_tag","embeddable":true,"href":"https:\/\/senoticias.com.br\/se\/wp-json\/wp\/v2\/tags?post=25448"}],"curies":[{"name":"wp","href":"https:\/\/api.w.org\/{rel}","templated":true}]}}