{"id":25440,"date":"2012-02-22T22:11:03","date_gmt":"2012-02-23T00:11:03","guid":{"rendered":"http:\/\/senoticias.com.br\/se\/?p=25440"},"modified":"2013-05-18T13:04:22","modified_gmt":"2013-05-18T16:04:22","slug":"bloco-aspone-arrastou-multidoes-as-ruas-do-rosa-elze","status":"publish","type":"post","link":"https:\/\/senoticias.com.br\/se\/bloco-aspone-arrastou-multidoes-as-ruas-do-rosa-elze\/","title":{"rendered":"Bloco Aspone arrastou multid\u00f5es \u00e0s ruas do Rosa Elze"},"content":{"rendered":"<p style=\"text-align: justify;\"><span style=\"color: #333333;\"><strong>A 13\u00aa edi\u00e7\u00e3o do bloco Aspone saiu \u00e0s ruas do Rosa Elze, na tarde desta ter\u00e7a-feira (21), no Grande Rosa Elze em S\u00e3o Crist\u00f3v\u00e3o.<\/strong><\/span><\/p>\n<p style=\"text-align: justify;\">Homens de todas as idades vestiram-se de mulher para curtir a folia. Estima-se que 5000 mil pessoas tenham participado da festa. O tradicional bloco j\u00e1 faz parte do calend\u00e1rio oficial de S\u00e3o Crist\u00f3v\u00e3o.<br \/>\n<a href=\"http:\/\/senoticias.com.br\/se\/wp-content\/uploads\/2012\/02\/Aspone.jpg\"><img loading=\"lazy\" decoding=\"async\" class=\"aligncenter size-full wp-image-25441\" title=\"Aspone\" src=\"http:\/\/senoticias.com.br\/se\/wp-content\/uploads\/2012\/02\/Aspone.jpg\" alt=\"\" width=\"587\" height=\"440\" srcset=\"https:\/\/senoticias.com.br\/se\/wp-content\/uploads\/2012\/02\/Aspone.jpg 587w, https:\/\/senoticias.com.br\/se\/wp-content\/uploads\/2012\/02\/Aspone-300x224.jpg 300w, https:\/\/senoticias.com.br\/se\/wp-content\/uploads\/2012\/02\/Aspone-342x256.jpg 342w, https:\/\/senoticias.com.br\/se\/wp-content\/uploads\/2012\/02\/Aspone-60x45.jpg 60w, https:\/\/senoticias.com.br\/se\/wp-content\/uploads\/2012\/02\/Aspone-150x113.jpg 150w, https:\/\/senoticias.com.br\/se\/wp-content\/uploads\/2012\/02\/Aspone-269x201.jpg 269w\" sizes=\"(max-width: 587px) 100vw, 587px\" \/><\/a><br \/>\nO arrast\u00e3o contou com a participa\u00e7\u00e3o de cinco mil foli\u00f5es no bloco e cerca de 10 mil pessoas pelas ruas para curtir o som do Trio Bydu e da banda Free Style\u00a0 que superaram todas as expectativas.<\/p>\n<p>O aposentado Luiz Carlos Oliveira, de 68 anos, participa do bloco desde quando retornou de Salvador, h\u00e1 treze anos, e sentia falta disso na comunidade. \u201c\u00c9 tudo muito alegre, \u00e9 bom ver a fam\u00edlia se divertir e fazer a alegria dos amigos\u201d, fala mostrando seu modelo de sa\u00edda de praia. \u201cDesfilei de noiva, a\u00ed n\u00e3o teve para ningu\u00e9m\u201d, diz.<\/p>\n<p>&#8221; Com certeza esse ano foi compensador para todos, o bloco foi um sucesso&#8221; finaliza Roberto Rafael, um dos organizadores do bloco.<\/p>\n<p style=\"text-align: justify;\"><a href=\"http:\/\/senoticias.com.br\/se\/wp-content\/uploads\/2012\/02\/Aspone-II.jpg\"><img loading=\"lazy\" decoding=\"async\" class=\"aligncenter size-full wp-image-25442\" title=\"Aspone II\" src=\"http:\/\/senoticias.com.br\/se\/wp-content\/uploads\/2012\/02\/Aspone-II.jpg\" alt=\"\" width=\"579\" height=\"434\" srcset=\"https:\/\/senoticias.com.br\/se\/wp-content\/uploads\/2012\/02\/Aspone-II.jpg 579w, https:\/\/senoticias.com.br\/se\/wp-content\/uploads\/2012\/02\/Aspone-II-300x224.jpg 300w, https:\/\/senoticias.com.br\/se\/wp-content\/uploads\/2012\/02\/Aspone-II-342x256.jpg 342w, https:\/\/senoticias.com.br\/se\/wp-content\/uploads\/2012\/02\/Aspone-II-60x45.jpg 60w, https:\/\/senoticias.com.br\/se\/wp-content\/uploads\/2012\/02\/Aspone-II-150x113.jpg 150w, https:\/\/senoticias.com.br\/se\/wp-content\/uploads\/2012\/02\/Aspone-II-269x201.jpg 269w\" sizes=\"(max-width: 579px) 100vw, 579px\" \/><\/a><\/p>\n<div id=\"attachment_25443\" style=\"width: 589px\" class=\"wp-caption aligncenter\"><a href=\"http:\/\/senoticias.com.br\/se\/wp-content\/uploads\/2012\/02\/Aspone-I.jpg\"><img loading=\"lazy\" decoding=\"async\" aria-describedby=\"caption-attachment-25443\" class=\"size-full wp-image-25443\" title=\"Aspone I\" src=\"http:\/\/senoticias.com.br\/se\/wp-content\/uploads\/2012\/02\/Aspone-I.jpg\" alt=\"\" width=\"579\" height=\"434\" srcset=\"https:\/\/senoticias.com.br\/se\/wp-content\/uploads\/2012\/02\/Aspone-I.jpg 579w, https:\/\/senoticias.com.br\/se\/wp-content\/uploads\/2012\/02\/Aspone-I-300x224.jpg 300w, https:\/\/senoticias.com.br\/se\/wp-content\/uploads\/2012\/02\/Aspone-I-342x256.jpg 342w, https:\/\/senoticias.com.br\/se\/wp-content\/uploads\/2012\/02\/Aspone-I-60x45.jpg 60w, https:\/\/senoticias.com.br\/se\/wp-content\/uploads\/2012\/02\/Aspone-I-150x113.jpg 150w, https:\/\/senoticias.com.br\/se\/wp-content\/uploads\/2012\/02\/Aspone-I-269x201.jpg 269w\" sizes=\"(max-width: 579px) 100vw, 579px\" \/><\/a><p id=\"caption-attachment-25443\" class=\"wp-caption-text\">Nelson, de roupa preta, de 39 anos, melhor fantasia pelo 13\u00ba ano seguido (Foto: Or\u00e1cio Oliveira\/SE Not\u00edcias)<\/p><\/div>\n","protected":false},"excerpt":{"rendered":"<p>A 13\u00aa edi\u00e7\u00e3o do bloco Aspone saiu \u00e0s ruas do Rosa Elze, na tarde desta ter\u00e7a-feira (21), no Grande Rosa Elze em S\u00e3o Crist\u00f3v\u00e3o. Homens de todas as idades vestiram-se de mulher para curtir a folia. Estima-se que 5000 mil pessoas tenham participado da festa. O tradicional bloco j\u00e1 faz parte do calend\u00e1rio oficial de [&hellip;]<\/p>\n","protected":false},"author":3,"featured_media":25441,"comment_status":"closed","ping_status":"closed","sticky":false,"template":"","format":"standard","meta":{"footnotes":""},"categories":[48,38,3],"tags":[],"class_list":{"0":"post-25440","1":"post","2":"type-post","3":"status-publish","4":"format-standard","5":"has-post-thumbnail","7":"category-carnaval-2012","8":"category-municipios","9":"category-saocristovao"},"_links":{"self":[{"href":"https:\/\/senoticias.com.br\/se\/wp-json\/wp\/v2\/posts\/25440"}],"collection":[{"href":"https:\/\/senoticias.com.br\/se\/wp-json\/wp\/v2\/posts"}],"about":[{"href":"https:\/\/senoticias.com.br\/se\/wp-json\/wp\/v2\/types\/post"}],"author":[{"embeddable":true,"href":"https:\/\/senoticias.com.br\/se\/wp-json\/wp\/v2\/users\/3"}],"replies":[{"embeddable":true,"href":"https:\/\/senoticias.com.br\/se\/wp-json\/wp\/v2\/comments?post=25440"}],"version-history":[{"count":0,"href":"https:\/\/senoticias.com.br\/se\/wp-json\/wp\/v2\/posts\/25440\/revisions"}],"wp:featuredmedia":[{"embeddable":true,"href":"https:\/\/senoticias.com.br\/se\/wp-json\/wp\/v2\/media\/25441"}],"wp:attachment":[{"href":"https:\/\/senoticias.com.br\/se\/wp-json\/wp\/v2\/media?parent=25440"}],"wp:term":[{"taxonomy":"category","embeddable":true,"href":"https:\/\/senoticias.com.br\/se\/wp-json\/wp\/v2\/categories?post=25440"},{"taxonomy":"post_tag","embeddable":true,"href":"https:\/\/senoticias.com.br\/se\/wp-json\/wp\/v2\/tags?post=25440"}],"curies":[{"name":"wp","href":"https:\/\/api.w.org\/{rel}","templated":true}]}}