{"id":25432,"date":"2012-02-22T20:55:58","date_gmt":"2012-02-22T22:55:58","guid":{"rendered":"http:\/\/senoticias.com.br\/se\/?p=25432"},"modified":"2012-02-23T15:50:32","modified_gmt":"2012-02-23T17:50:32","slug":"unidos-da-tijuca-e-a-campea-do-carnaval-carioca-2012","status":"publish","type":"post","link":"https:\/\/senoticias.com.br\/se\/unidos-da-tijuca-e-a-campea-do-carnaval-carioca-2012\/","title":{"rendered":"Unidos da Tijuca \u00e9 a campe\u00e3 do carnaval carioca 2012"},"content":{"rendered":"<p><span style=\"color: #333333;\"><strong>Em disputa apertada, escola da Zona Norte ganhou o t\u00edtulo pela 3\u00aa vez.<\/strong><\/span><br \/>\n<span style=\"color: #333333;\"><strong>Porto da Pedra e Renascer de Jacarepagu\u00e1 foram rebaixadas.<\/strong><\/span><\/p>\n<p style=\"text-align: justify;\">Unidos da Tijuca foi eleita a campe\u00e3 do carnaval carioca nesta quarta-feira (22). A escola da Zona Norte \u00e9 a vencedora pela terceira vez em sua hist\u00f3ria ap\u00f3s uma acirrada disputa na apura\u00e7\u00e3o do Grupo Especial que aconteceu nesta tarde na Sapuca\u00ed. Porto da Pedra e Renascer de Jacarepagu\u00e1 foram rebaixadas para o Grupo de Acesso A. O desfile das campe\u00e3s acontecer\u00e1 no dia 25 de fevereiro (s\u00e1bado), com a apresenta\u00e7\u00e3o das seis primeiras classificadas.<\/p>\n<p style=\"text-align: justify;\"><a href=\"http:\/\/senoticias.com.br\/se\/wp-content\/uploads\/2012\/02\/620x388.jpg\"><img loading=\"lazy\" decoding=\"async\" class=\"aligncenter size-full wp-image-25433\" title=\"Unidos da Tijuca \" src=\"http:\/\/senoticias.com.br\/se\/wp-content\/uploads\/2012\/02\/620x388.jpg\" alt=\"\" width=\"589\" height=\"369\" srcset=\"https:\/\/senoticias.com.br\/se\/wp-content\/uploads\/2012\/02\/620x388.jpg 589w, https:\/\/senoticias.com.br\/se\/wp-content\/uploads\/2012\/02\/620x388-300x187.jpg 300w, https:\/\/senoticias.com.br\/se\/wp-content\/uploads\/2012\/02\/620x388-342x214.jpg 342w\" sizes=\"(max-width: 589px) 100vw, 589px\" \/><\/a><br \/>\nA Unidos da Tijuca, campe\u00e3 em 1936 e 2010, apostou mais uma vez na criatividade do carnavalesco Paulo Barros, famoso por trazer inova\u00e7\u00e3o para a Passarela do Samba. A escola trouxe vaqueiros, sanfonas e bai\u00e3o para celebrar Luiz Gonzaga, que completaria cem anos em 2012 se estivesse vivo.<\/p>\n<p>O enredo teve o t\u00edtulo de &#8220;O dia em que toda a realeza desembarcou na Avenida para coroar o Rei Luiz do Sert\u00e3o&#8221;. A Tijuca alcan\u00e7ou 299,9 pontos, somente 0,2 a frente da Salgueiro.<\/p>\n<p><strong>L\u00edder o tempo inteiro<\/strong><\/p>\n<p style=\"text-align: justify;\">Treze agremia\u00e7\u00f5es do Grupo Especial do Rio de Janeiro disputaram o t\u00edtulo de campe\u00e3 do carnaval. Quarenta jurados avaliaram dez quesitos: mestre-sala e porta-bandeira, fantasia, conjunto, evolu\u00e7\u00e3o, alegorias e adere\u00e7os, comiss\u00e3o de frente, harmonia, bateria, enredo e samba-enredo.<\/p>\n<p style=\"text-align: justify;\">O come\u00e7o da apura\u00e7\u00e3o foi marcado por uma forte disputa entre Unidos da Tijuca e Vila Isabel. At\u00e9 o quarto quesito analisado, o de\u00a0 alegoria, as duas dividiram a lideran\u00e7a, seguidas por Salgueiro e Beija-Flor.<\/p>\n<p style=\"text-align: justify;\">A partir de alegoria, a Tijuca se isolou no 1\u00ba lugar, com a Vila Isabel caindo para a quarta posi\u00e7\u00e3o ap\u00f3s receber um 9,7. Ap\u00f3s as notas de comiss\u00e3o de frente, as escolas ficaram separadas por apenas 0,2. Depois da divulga\u00e7\u00e3o do quesito bateria, Salgueiro entrou na disputa e continuou na briga at\u00e9 o final, ficando em 2\u00ba lugar.<\/p>\n<p style=\"text-align: justify;\">O desfile<br \/>\nA Unidos da Tijuca foi a pen\u00faltima a entrar na Sapuca\u00ed no domingo (19). A bateria, comandada pelo mestre Casagrande, misturou forr\u00f3 ao samba para embalar o enredo sobre o Rei do Bai\u00e3o.<\/p>\n<p style=\"text-align: justify;\">O desfile marcou ainda a estreia da rainha Gracyanne Barbosa \u00e0 frente dos m\u00fasicos. Foram 3,6 mil componentes, divididos em 33 alas. Quem puxou o samba foi o int\u00e9rprete Bruno Ribas, neto do compositor Manac\u00e9a, e mais oito cantores de apoio.<\/p>\n<p style=\"text-align: justify;\">A exemplo do ano passado, quando a escola deu o que falar ao exibir truques de ilusionismo na Avenida, a comiss\u00e3o de frente mais uma vez inovou ao dar vida \u00e0s sanfonas de Gonzag\u00e3o nas acrobacias de um ginasta romeno. A coreografia foi assinada por Priscilla Mota e Rodrigo Negri, bailarinos solistas do Theatro Municipal do Rio de Janeiro.O carro abre-alas da Unidos da Tijuca, &#8220;Desembarque real&#8221;, trouxe uma corte com reis e rainhas de v\u00e1rios pa\u00edses chegando para a festa de coroa\u00e7\u00e3o do rei do sert\u00e3o, com destaques para Carla Horta, de realeza do canga\u00e7o, e Jo\u00e3o Helder, o cangaceiro real.<\/p>\n<p style=\"text-align: justify;\">A fam\u00edlia do rei do bai\u00e3o estava representada por Rosinha, \u00fanica filha de Gonzag\u00e3o, e por Daniel Gonzaga, filho de Gonzaguinha. A Asa Branca, um dos maiores sucessos de Luiz Gonzaga, foi lembrada no centen\u00e1rio no \u00faltimo carro da escola, com tr\u00eas bolos gigantes com r\u00e1dios que representavam o sucesso que o compositor fez pelo pa\u00eds.<\/p>\n<p><a href=\"http:\/\/senoticias.com.br\/se\/wp-content\/uploads\/2012\/02\/apuracaorj.jpg\"><img loading=\"lazy\" decoding=\"async\" class=\"aligncenter size-full wp-image-25434\" title=\"apuracaorj\" src=\"http:\/\/senoticias.com.br\/se\/wp-content\/uploads\/2012\/02\/apuracaorj.jpg\" alt=\"\" width=\"589\" height=\"454\" srcset=\"https:\/\/senoticias.com.br\/se\/wp-content\/uploads\/2012\/02\/apuracaorj.jpg 589w, https:\/\/senoticias.com.br\/se\/wp-content\/uploads\/2012\/02\/apuracaorj-300x231.jpg 300w, https:\/\/senoticias.com.br\/se\/wp-content\/uploads\/2012\/02\/apuracaorj-342x263.jpg 342w, https:\/\/senoticias.com.br\/se\/wp-content\/uploads\/2012\/02\/apuracaorj-60x45.jpg 60w\" sizes=\"(max-width: 589px) 100vw, 589px\" \/><\/a><\/p>\n","protected":false},"excerpt":{"rendered":"<p>Em disputa apertada, escola da Zona Norte ganhou o t\u00edtulo pela 3\u00aa vez. Porto da Pedra e Renascer de Jacarepagu\u00e1 foram rebaixadas. Unidos da Tijuca foi eleita a campe\u00e3 do carnaval carioca nesta quarta-feira (22). A escola da Zona Norte \u00e9 a vencedora pela terceira vez em sua hist\u00f3ria ap\u00f3s uma acirrada disputa na apura\u00e7\u00e3o [&hellip;]<\/p>\n","protected":false},"author":2,"featured_media":25433,"comment_status":"closed","ping_status":"closed","sticky":false,"template":"","format":"standard","meta":{"footnotes":""},"categories":[48],"tags":[],"class_list":{"0":"post-25432","1":"post","2":"type-post","3":"status-publish","4":"format-standard","5":"has-post-thumbnail","7":"category-carnaval-2012"},"_links":{"self":[{"href":"https:\/\/senoticias.com.br\/se\/wp-json\/wp\/v2\/posts\/25432"}],"collection":[{"href":"https:\/\/senoticias.com.br\/se\/wp-json\/wp\/v2\/posts"}],"about":[{"href":"https:\/\/senoticias.com.br\/se\/wp-json\/wp\/v2\/types\/post"}],"author":[{"embeddable":true,"href":"https:\/\/senoticias.com.br\/se\/wp-json\/wp\/v2\/users\/2"}],"replies":[{"embeddable":true,"href":"https:\/\/senoticias.com.br\/se\/wp-json\/wp\/v2\/comments?post=25432"}],"version-history":[{"count":0,"href":"https:\/\/senoticias.com.br\/se\/wp-json\/wp\/v2\/posts\/25432\/revisions"}],"wp:featuredmedia":[{"embeddable":true,"href":"https:\/\/senoticias.com.br\/se\/wp-json\/wp\/v2\/media\/25433"}],"wp:attachment":[{"href":"https:\/\/senoticias.com.br\/se\/wp-json\/wp\/v2\/media?parent=25432"}],"wp:term":[{"taxonomy":"category","embeddable":true,"href":"https:\/\/senoticias.com.br\/se\/wp-json\/wp\/v2\/categories?post=25432"},{"taxonomy":"post_tag","embeddable":true,"href":"https:\/\/senoticias.com.br\/se\/wp-json\/wp\/v2\/tags?post=25432"}],"curies":[{"name":"wp","href":"https:\/\/api.w.org\/{rel}","templated":true}]}}