{"id":25429,"date":"2012-02-22T20:46:03","date_gmt":"2012-02-22T22:46:03","guid":{"rendered":"http:\/\/senoticias.com.br\/se\/?p=25429"},"modified":"2012-02-22T20:46:23","modified_gmt":"2012-02-22T22:46:23","slug":"concurso-do-banese-tem-17-mil-inscritos-para-prova","status":"publish","type":"post","link":"https:\/\/senoticias.com.br\/se\/concurso-do-banese-tem-17-mil-inscritos-para-prova\/","title":{"rendered":"Concurso do Banese tem 17 mil inscritos para prova"},"content":{"rendered":"<p style=\"text-align: justify;\"><a href=\"http:\/\/senoticias.com.br\/se\/wp-content\/uploads\/2011\/11\/Concursos-II.jpg\"><img loading=\"lazy\" decoding=\"async\" class=\"alignright size-full wp-image-16934\" title=\"Concursos II\" src=\"http:\/\/senoticias.com.br\/se\/wp-content\/uploads\/2011\/11\/Concursos-II.jpg\" alt=\"\" width=\"225\" height=\"183\" \/><\/a>Cerca de 17 mil pessoas se inscreveram para o concurso do Banco do Estado de Sergipe (Banese), segundo informa\u00e7\u00e3o do presidente do Banco, Saum\u00edneo Nascimento. O concurso do Banese \u00e9 para provimento de 35 vagas e forma\u00e7\u00e3o de cadastro reserva de T\u00e9cnico Banc\u00e1rio I e T\u00e9cnico Banc\u00e1rio III.<\/p>\n<p style=\"text-align: justify;\">O Banco est\u00e1 oferecendo 25 vagas de n\u00edvel m\u00e9dio, para o cargo de T\u00e9cnico Banc\u00e1rio I, da \u00e1rea Administrativa, e dez de n\u00edvel superior, para o cargo de T\u00e9cnico Banc\u00e1rio III, da \u00e1rea de Inform\u00e1tica.<\/p>\n<p style=\"text-align: justify;\">As provas do concurso, sob a responsabilidade da Funda\u00e7\u00e3o Carlos Chagas, ser\u00e3o realizadas no dia 18 de mar\u00e7o, nas cidades de Aracaju, Est\u00e2ncia, Itabaiana, Nossa Senhora da Gl\u00f3ria e Propri\u00e1<\/p>\n<p style=\"text-align: justify;\">Segundo o presidente do Banese, Saum\u00edneo Nascimento, com este novo concurso o Banco espera fortalecer o seu quadro de funcion\u00e1rios para continuar sendo uma empresa competitiva no segmento banc\u00e1rio. \u201cCom certeza vamos selecionar profissionais dentro do perfil que uma institui\u00e7\u00e3o como o Banese precisa para enfrentar e superar os seus desafios\u201d, acrescentou Saum\u00edneo, informando ainda de acordo com as prerrogativas legais 20% das vagas oferecidas neste concurso ser\u00e3o preenchidas por candidatos com defici\u00eancia f\u00edsica.<\/p>\n<p style=\"text-align: justify;\">Ascom Banese<\/p>\n","protected":false},"excerpt":{"rendered":"<p>Cerca de 17 mil pessoas se inscreveram para o concurso do Banco do Estado de Sergipe (Banese), segundo informa\u00e7\u00e3o do presidente do Banco, Saum\u00edneo Nascimento. O concurso do Banese \u00e9 para provimento de 35 vagas e forma\u00e7\u00e3o de cadastro reserva de T\u00e9cnico Banc\u00e1rio I e T\u00e9cnico Banc\u00e1rio III. O Banco est\u00e1 oferecendo 25 vagas de [&hellip;]<\/p>\n","protected":false},"author":3,"featured_media":16934,"comment_status":"closed","ping_status":"closed","sticky":false,"template":"","format":"standard","meta":{"footnotes":""},"categories":[9],"tags":[],"class_list":{"0":"post-25429","1":"post","2":"type-post","3":"status-publish","4":"format-standard","5":"has-post-thumbnail","7":"category-concursos"},"_links":{"self":[{"href":"https:\/\/senoticias.com.br\/se\/wp-json\/wp\/v2\/posts\/25429"}],"collection":[{"href":"https:\/\/senoticias.com.br\/se\/wp-json\/wp\/v2\/posts"}],"about":[{"href":"https:\/\/senoticias.com.br\/se\/wp-json\/wp\/v2\/types\/post"}],"author":[{"embeddable":true,"href":"https:\/\/senoticias.com.br\/se\/wp-json\/wp\/v2\/users\/3"}],"replies":[{"embeddable":true,"href":"https:\/\/senoticias.com.br\/se\/wp-json\/wp\/v2\/comments?post=25429"}],"version-history":[{"count":0,"href":"https:\/\/senoticias.com.br\/se\/wp-json\/wp\/v2\/posts\/25429\/revisions"}],"wp:featuredmedia":[{"embeddable":true,"href":"https:\/\/senoticias.com.br\/se\/wp-json\/wp\/v2\/media\/16934"}],"wp:attachment":[{"href":"https:\/\/senoticias.com.br\/se\/wp-json\/wp\/v2\/media?parent=25429"}],"wp:term":[{"taxonomy":"category","embeddable":true,"href":"https:\/\/senoticias.com.br\/se\/wp-json\/wp\/v2\/categories?post=25429"},{"taxonomy":"post_tag","embeddable":true,"href":"https:\/\/senoticias.com.br\/se\/wp-json\/wp\/v2\/tags?post=25429"}],"curies":[{"name":"wp","href":"https:\/\/api.w.org\/{rel}","templated":true}]}}