{"id":25423,"date":"2012-02-22T20:02:55","date_gmt":"2012-02-22T22:02:55","guid":{"rendered":"http:\/\/senoticias.com.br\/se\/?p=25423"},"modified":"2012-02-22T20:08:45","modified_gmt":"2012-02-22T22:08:45","slug":"senadora-destaca-o-combate-a-violencia","status":"publish","type":"post","link":"https:\/\/senoticias.com.br\/se\/senadora-destaca-o-combate-a-violencia\/","title":{"rendered":"SENADORA MARIA DO CARMO DESTACA O COMBATE A VIOL\u00caNCIA"},"content":{"rendered":"<p style=\"text-align: justify;\"><a href=\"http:\/\/senoticias.com.br\/se\/wp-content\/uploads\/2012\/02\/bemv1023.jpg\"><img loading=\"lazy\" decoding=\"async\" class=\"alignright size-full wp-image-25424\" title=\"Maria do carmo\" src=\"http:\/\/senoticias.com.br\/se\/wp-content\/uploads\/2012\/02\/bemv1023.jpg\" alt=\"\" width=\"140\" height=\"175\" \/><\/a>A senadora Maria do Carmo Alves (DEM) destacou dados apresentados pela Ag\u00eancia Brasil, segundo o quais o ligue 180 &#8211; servi\u00e7o que presta ajuda e orienta\u00e7\u00e3o a mulheres que sofrem algum tipo de viol\u00eancia &#8211;\u00a0 recebeu, s\u00f3 no ano passado, mais de 667 mil chamadas, uma m\u00e9dia de 1,8 mil por dia.<\/p>\n<p style=\"text-align: justify;\">Os n\u00fameros, de acordo com a parlamentar, revelaram que, ao longo do ano passado, foram registrados 35 casos de tr\u00e1fico de mulheres, e, em m\u00e9dia, um caso de den\u00fancia de c\u00e1rcere privado por dia. Cerca de 46 mil liga\u00e7\u00f5es relataram viol\u00eancias f\u00edsicas e outras 18 mil viol\u00eancias psicol\u00f3gicas.<\/p>\n<p style=\"text-align: justify;\">\u201cSe considerarmos o grande n\u00famero de mulheres que n\u00e3o usaram esse servi\u00e7o estando sob igual situa\u00e7\u00e3o, teremos um mapa assustador dessa realidade, que precisamos ter pressa em alterar\u201d, observou a senadora por Sergipe,acrescentando que a faixa et\u00e1ria atendida pelo servi\u00e7o 180 \u00e9 predominantemente adulta, situada entre 20 e 49 anos, em plena fase reprodutiva e econ\u00f4mica.<\/p>\n<p style=\"text-align: justify;\">\u201cEsse dado se coaduna com o alerta emitido pelo relat\u00f3rio de 2012 sobre\u00a0 desenvolvimento, publicado pelo Banco Mundial, com foco tem\u00e1tico na rela\u00e7\u00e3o entre Igualdade de G\u00eanero e o Desenvolvimento,revelando o dano social que a viol\u00eancia dom\u00e9stica causa e suas conseq\u00fc\u00eancias no comportamento cognitivo e na sa\u00fade dos filhos\u201d, afirmou.<\/p>\n<p style=\"text-align: justify;\">Maria do Carmo destacou que, segundo o relat\u00f3rio, pesquisas m\u00e9dicas realizadas empa\u00edses desenvolvidos estabeleceram um v\u00ednculo entre a exposi\u00e7\u00e3o \u00e0 viol\u00eancia dom\u00e9sticana inf\u00e2ncia e problemas de sa\u00fade na vida adulta e conclu\u00edram que mulheres ehomens que sofreram viol\u00eancia em casa quando crian\u00e7as t\u00eam duas ou tr\u00eas vezesmais probabilidade de ter c\u00e2ncer, derrame ou<\/p>\n<p style=\"text-align: justify;\">problemas cardiovasculares, e cinco a dez vezes mais probabilidade de usar\u00e1lcool ou drogas ilegais do que as que n\u00e3o sofreram.<\/p>\n<p style=\"text-align: justify;\">Outrosestudos tamb\u00e9m documentam que crian\u00e7as que presenciam cenas de viol\u00eancia entreos pais correm o risco, no caso das meninas, de virem a sofrer viol\u00eancia deseus pr\u00f3prios parceiros quando adultas e, no caso dos meninos, de perpetuarem aviol\u00eancia. \u201cEsse \u00e9 um ciclo vicioso que precisamos interromper. A viol\u00eancia contra a mulher \u00e9 uma doen\u00e7a social que precisa ser contida com legisla\u00e7\u00e3o e conscientiza\u00e7\u00e3o\u201d,disse a senadora.<\/p>\n<p style=\"text-align: justify;\">Maria acrescentou que \u201cj\u00e1 dispomos de um instrumento legal de grande valor, que \u00e9 aLei Maria da Penha. Essa Lei, a despeito de quanto ainda possa ser melhorada oumais eficazmente aplicada, \u00e9 uma grande conquista da mulher brasileira e j\u00e1 \u00e9hoje um paradigma internacional em termos de viol\u00eancia dom\u00e9stica\u201d.<\/p>\n<p style=\"text-align: justify;\">Outro fato importante, ressaltou a senadora, \u00e9 a decis\u00e3o do Congresso Nacional de instalara Comiss\u00e3o Parlamentar Mista de Inqu\u00e9rito para investigar a viol\u00eancia dom\u00e9stica no Brasil e verificar se tem havido omiss\u00e3o ou neglig\u00eancia dos agentes p\u00fablicos na aplica\u00e7\u00e3o da Lei Maria da Penha. \u201cEssa Comiss\u00e3o ter\u00e1 como desafio identificar obst\u00e1culos \u00e0 aplica\u00e7\u00e3o da Lei Maria da Penha e, quanto mais pudermos apontar e discutir sobre o assunto, mas depuraremos e consolidaremos avan\u00e7os necess\u00e1rios, n\u00e3o s\u00f3 para melhor aplica\u00e7\u00e3o da Lei, mas tamb\u00e9m para conscientiza\u00e7\u00e3o da popula\u00e7\u00e3o\u201d.<\/p>\n<p style=\"text-align: justify;\">Assessoria de Comunica\u00e7\u00e3o<\/p>\n","protected":false},"excerpt":{"rendered":"<p>A senadora Maria do Carmo Alves (DEM) destacou dados apresentados pela Ag\u00eancia Brasil, segundo o quais o ligue 180 &#8211; servi\u00e7o que presta ajuda e orienta\u00e7\u00e3o a mulheres que sofrem algum tipo de viol\u00eancia &#8211;\u00a0 recebeu, s\u00f3 no ano passado, mais de 667 mil chamadas, uma m\u00e9dia de 1,8 mil por dia. Os n\u00fameros, de [&hellip;]<\/p>\n","protected":false},"author":3,"featured_media":25424,"comment_status":"closed","ping_status":"closed","sticky":false,"template":"","format":"standard","meta":{"footnotes":""},"categories":[6],"tags":[],"class_list":{"0":"post-25423","1":"post","2":"type-post","3":"status-publish","4":"format-standard","5":"has-post-thumbnail","7":"category-politica"},"_links":{"self":[{"href":"https:\/\/senoticias.com.br\/se\/wp-json\/wp\/v2\/posts\/25423"}],"collection":[{"href":"https:\/\/senoticias.com.br\/se\/wp-json\/wp\/v2\/posts"}],"about":[{"href":"https:\/\/senoticias.com.br\/se\/wp-json\/wp\/v2\/types\/post"}],"author":[{"embeddable":true,"href":"https:\/\/senoticias.com.br\/se\/wp-json\/wp\/v2\/users\/3"}],"replies":[{"embeddable":true,"href":"https:\/\/senoticias.com.br\/se\/wp-json\/wp\/v2\/comments?post=25423"}],"version-history":[{"count":0,"href":"https:\/\/senoticias.com.br\/se\/wp-json\/wp\/v2\/posts\/25423\/revisions"}],"wp:featuredmedia":[{"embeddable":true,"href":"https:\/\/senoticias.com.br\/se\/wp-json\/wp\/v2\/media\/25424"}],"wp:attachment":[{"href":"https:\/\/senoticias.com.br\/se\/wp-json\/wp\/v2\/media?parent=25423"}],"wp:term":[{"taxonomy":"category","embeddable":true,"href":"https:\/\/senoticias.com.br\/se\/wp-json\/wp\/v2\/categories?post=25423"},{"taxonomy":"post_tag","embeddable":true,"href":"https:\/\/senoticias.com.br\/se\/wp-json\/wp\/v2\/tags?post=25423"}],"curies":[{"name":"wp","href":"https:\/\/api.w.org\/{rel}","templated":true}]}}