{"id":25414,"date":"2012-02-22T14:33:51","date_gmt":"2012-02-22T16:33:51","guid":{"rendered":"http:\/\/senoticias.com.br\/se\/?p=25414"},"modified":"2012-02-22T14:34:15","modified_gmt":"2012-02-22T16:34:15","slug":"policia-prende-trio-suspeito-de-assaltos-em-poco-verde","status":"publish","type":"post","link":"https:\/\/senoticias.com.br\/se\/policia-prende-trio-suspeito-de-assaltos-em-poco-verde\/","title":{"rendered":"Pol\u00edcia prende trio suspeito de assaltos em Po\u00e7o Verde"},"content":{"rendered":"<p style=\"text-align: justify;\"><a href=\"http:\/\/senoticias.com.br\/se\/wp-content\/uploads\/2011\/04\/Pol%C3%ADcia-Militar.jpg\"><img loading=\"lazy\" decoding=\"async\" class=\"alignright size-full wp-image-5482\" title=\"Pol\u00edcia Militar\" src=\"http:\/\/senoticias.com.br\/se\/wp-content\/uploads\/2011\/04\/Pol%C3%ADcia-Militar.jpg\" alt=\"\" width=\"129\" height=\"160\" \/><\/a>A Pol\u00edcia Militar de Sergipe, atrav\u00e9s da 4\u00aa Companhia do 7\u00ba Batalh\u00e3o de Pol\u00edcia Militar (4\u00aa Cia\/7\u00ba BPM), prendeu, em flagrante, no \u00faltimo s\u00e1bado, 19, tr\u00eas integrantes de uma quadrilha especializada em assalto a estabelecimentos comerciais na regi\u00e3o do munic\u00edpio de Po\u00e7o Verde, distante 145 quil\u00f4metros da capital Aracaju.<\/p>\n<p style=\"text-align: justify;\">A pris\u00e3o aconteceu ap\u00f3s a pr\u00e1tica delituosa ao supermercado Maras Bompre\u00e7o, situado no povoado Raspador, na cidade baiana de Ribeira do Amparo, que faz divisa com a cidade de Po\u00e7o Verde, em Sergipe. Durante a a\u00e7\u00e3o, foi utilizada uma motocicleta XRE 300cc, de cor vermelha e placa NVK 8459-SE. O ve\u00edculo havia sido furtado na noite anterior, em um bar na cidade de Po\u00e7o Verde, enquanto seu propriet\u00e1rio, Jos\u00e9 Alves Vieira, frequentava o estabelecimento.<\/p>\n<p style=\"text-align: justify;\">Ap\u00f3s o crime, uma liga\u00e7\u00e3o ao servi\u00e7o de emerg\u00eancia da Pol\u00edcia Militar informando a placa e as caracter\u00edsticas dos assaltantes desencadeou a opera\u00e7\u00e3o de cerco nas estradas que d\u00e3o acesso \u00e0 cidade pelo povoado, enquanto outra equipe da PM, atrav\u00e9s do servi\u00e7o de intelig\u00eancia da 4\u00aa Cia\/7\u00ba BPM, iniciava o trabalho de investiga\u00e7\u00e3o.<\/p>\n<p style=\"text-align: justify;\">Em pouco tempo, efetuou-se a pris\u00e3o de Lucas Benevides Fonseca Oliveira, de 23 anos, ex-presidi\u00e1rio. Ele estava h\u00e1 tr\u00eas meses em liberdade condicional. Junto a Lucas, tamb\u00e9m foram presos Thiago Martins da Silva, 20 anos, vulgo \u2018Tiaguinho\u2019, que tamb\u00e9m efetuava lances e roubava idosos na feira livre da cidade, al\u00e9m de Manoel Messias Santos do Nascimento, de 21 anos. Manoel Messias era o respons\u00e1vel por alugar as armas a serem utilizadas nos assaltos, sendo que o valor variava de R$ 30,00 a R$ 250,00.<\/p>\n<p style=\"text-align: justify;\">Os tr\u00eas acusados t\u00eam passagem pela pol\u00edcia por crimes da mesma natureza e j\u00e1 estavam sendo monitorados h\u00e1 dois meses pelo servi\u00e7o de intelig\u00eancia da 4\u00aa Cia\/7\u00ba BPM, que tamb\u00e9m averiguou que a arma utilizada no assalto foi repassada para outra pessoa, de prenome Silvio, o qual est\u00e1 sendo procurado. Todos s\u00e3o residentes em Po\u00e7o Verde\/SE.<\/p>\n<p style=\"text-align: justify;\">Na delegacia, os tr\u00eas confessaram o crime e expuseram a parte de cada um no assalto, al\u00e9m de serem reconhecidos pelo dono do supermercado, o senhor Adriano da Silva Alves.<\/p>\n<p style=\"text-align: justify;\">Os envolvidos no assalto foram conduzidos posteriormente \u00e0 delegacia da cidade de Ribeira do Amparo\/BA, onde foram recebidos e autuados em flagrante pela delegada Rosana Capitulino da Silva Cabral e encaminhados \u00e0 Delegacia Regional de Cip\u00f3, onde permanecem custodiados.<\/p>\n<p style=\"text-align: justify;\">Sobre a motocicleta e o produto do furto, estes foram apresentados na delegacia de Ribeira do Amparo e entregues a seus propriet\u00e1rios. Do dinheiro roubado, parte foi utilizada no pagamento da arma, outra parte para a compra de um telefone celular e o restante, segundo depoimento dos autores do crime \u00e0 pol\u00edcia, foi perdido quando o grupo evadia-se e sofrera um acidente, danificando o ve\u00edculo.<\/p>\n<p style=\"text-align: justify;\">Participaram desta a\u00e7\u00e3o o 2\u00ba tenente Cardoso, o subtenente Reis, os cabos Dorgival e Jobson e o soldado John Lennon, integrantes da 4\u00aa Cia\/7\u00ba BPM.<\/p>\n<p style=\"text-align: justify;\">Ascom PM\/SE<\/p>\n","protected":false},"excerpt":{"rendered":"<p>A Pol\u00edcia Militar de Sergipe, atrav\u00e9s da 4\u00aa Companhia do 7\u00ba Batalh\u00e3o de Pol\u00edcia Militar (4\u00aa Cia\/7\u00ba BPM), prendeu, em flagrante, no \u00faltimo s\u00e1bado, 19, tr\u00eas integrantes de uma quadrilha especializada em assalto a estabelecimentos comerciais na regi\u00e3o do munic\u00edpio de Po\u00e7o Verde, distante 145 quil\u00f4metros da capital Aracaju. A pris\u00e3o aconteceu ap\u00f3s a pr\u00e1tica [&hellip;]<\/p>\n","protected":false},"author":3,"featured_media":5482,"comment_status":"closed","ping_status":"closed","sticky":false,"template":"","format":"standard","meta":{"footnotes":""},"categories":[7],"tags":[],"class_list":{"0":"post-25414","1":"post","2":"type-post","3":"status-publish","4":"format-standard","5":"has-post-thumbnail","7":"category-policia"},"_links":{"self":[{"href":"https:\/\/senoticias.com.br\/se\/wp-json\/wp\/v2\/posts\/25414"}],"collection":[{"href":"https:\/\/senoticias.com.br\/se\/wp-json\/wp\/v2\/posts"}],"about":[{"href":"https:\/\/senoticias.com.br\/se\/wp-json\/wp\/v2\/types\/post"}],"author":[{"embeddable":true,"href":"https:\/\/senoticias.com.br\/se\/wp-json\/wp\/v2\/users\/3"}],"replies":[{"embeddable":true,"href":"https:\/\/senoticias.com.br\/se\/wp-json\/wp\/v2\/comments?post=25414"}],"version-history":[{"count":0,"href":"https:\/\/senoticias.com.br\/se\/wp-json\/wp\/v2\/posts\/25414\/revisions"}],"wp:featuredmedia":[{"embeddable":true,"href":"https:\/\/senoticias.com.br\/se\/wp-json\/wp\/v2\/media\/5482"}],"wp:attachment":[{"href":"https:\/\/senoticias.com.br\/se\/wp-json\/wp\/v2\/media?parent=25414"}],"wp:term":[{"taxonomy":"category","embeddable":true,"href":"https:\/\/senoticias.com.br\/se\/wp-json\/wp\/v2\/categories?post=25414"},{"taxonomy":"post_tag","embeddable":true,"href":"https:\/\/senoticias.com.br\/se\/wp-json\/wp\/v2\/tags?post=25414"}],"curies":[{"name":"wp","href":"https:\/\/api.w.org\/{rel}","templated":true}]}}