{"id":25405,"date":"2012-02-22T13:18:46","date_gmt":"2012-02-22T15:18:46","guid":{"rendered":"http:\/\/senoticias.com.br\/se\/?p=25405"},"modified":"2012-02-22T13:19:03","modified_gmt":"2012-02-22T15:19:03","slug":"jovem-e-preso-apos-estuprar-crianca-de-10-anos-em-laranjeiras-se","status":"publish","type":"post","link":"https:\/\/senoticias.com.br\/se\/jovem-e-preso-apos-estuprar-crianca-de-10-anos-em-laranjeiras-se\/","title":{"rendered":"Jovem \u00e9 preso ap\u00f3s estuprar crian\u00e7a de 10 anos em Laranjeiras, SE"},"content":{"rendered":"<p><span style=\"color: #333333;\"><strong>O rapaz que \u00e9 vizinho da v\u00edtima foi preso em flagrante.<\/strong><\/span><br \/>\n<span style=\"color: #333333;\"><strong>Revoltada a m\u00e3e da crian\u00e7a feriu o suspeito com golpes de faca.<\/strong><\/span><\/p>\n<p><span style=\"color: #0000ff;\"><strong>Do G1 SE<\/strong><\/span><\/p>\n<p style=\"text-align: justify;\"><a href=\"http:\/\/senoticias.com.br\/se\/wp-content\/uploads\/2011\/02\/abuso-sexual.jpg\"><img loading=\"lazy\" decoding=\"async\" class=\"alignright size-thumbnail wp-image-2205\" title=\"abuso sexual\" src=\"http:\/\/senoticias.com.br\/se\/wp-content\/uploads\/2011\/02\/abuso-sexual-150x150.jpg\" alt=\"Foto Ilustra\u00e7\u00e3o Internet\" width=\"150\" height=\"150\" srcset=\"https:\/\/senoticias.com.br\/se\/wp-content\/uploads\/2011\/02\/abuso-sexual-150x150.jpg 150w, https:\/\/senoticias.com.br\/se\/wp-content\/uploads\/2011\/02\/abuso-sexual-50x50.jpg 50w, https:\/\/senoticias.com.br\/se\/wp-content\/uploads\/2011\/02\/abuso-sexual-70x70.jpg 70w, https:\/\/senoticias.com.br\/se\/wp-content\/uploads\/2011\/02\/abuso-sexual-55x55.jpg 55w\" sizes=\"(max-width: 150px) 100vw, 150px\" \/><\/a>Um jovem de 18 anos foi preso em flagrante por policiais civis ap\u00f3s estuprar uma crian\u00e7a de 10 anos, em uma resid\u00eancia no Povoado Pedra Branca, munic\u00edpio de Laranjeiras (SE), a 23 km de Aracaju.<\/p>\n<p style=\"text-align: justify;\">Segundo a pol\u00edcia, a m\u00e3e da v\u00edtima havia sa\u00eddo e ao retornar alguns minutos depois, encontrou a crian\u00e7a nua em um dos quartos da casa e o suspeito, que \u00e9 vizinho da fam\u00edlia, escondido embaixo da cama.<\/p>\n<p style=\"text-align: justify;\">Muito revoltada com o ocorrido, ela desferiu golpes de faca no suspeito que foi encaminhado ao Hospital Regional de Laranjeiras, onde recebeu atendimento, antes de ser detido pelos policiais que estavam de plant\u00e3o.<\/p>\n<p style=\"text-align: justify;\">A crian\u00e7a foi submetida a exames no Instituto M\u00e9dico Legal (IML), em Aracaju, e permanece internada no Centro de Atendimento \u00e0s V\u00edtimas de Viol\u00eancia Sexual, localizado na Maternidade Nossa Senhora de Lourdes.<\/p>\n","protected":false},"excerpt":{"rendered":"<p>O rapaz que \u00e9 vizinho da v\u00edtima foi preso em flagrante. Revoltada a m\u00e3e da crian\u00e7a feriu o suspeito com golpes de faca. Do G1 SE Um jovem de 18 anos foi preso em flagrante por policiais civis ap\u00f3s estuprar uma crian\u00e7a de 10 anos, em uma resid\u00eancia no Povoado Pedra Branca, munic\u00edpio de Laranjeiras [&hellip;]<\/p>\n","protected":false},"author":3,"featured_media":2205,"comment_status":"closed","ping_status":"closed","sticky":false,"template":"","format":"standard","meta":{"footnotes":""},"categories":[7],"tags":[],"class_list":{"0":"post-25405","1":"post","2":"type-post","3":"status-publish","4":"format-standard","5":"has-post-thumbnail","7":"category-policia"},"_links":{"self":[{"href":"https:\/\/senoticias.com.br\/se\/wp-json\/wp\/v2\/posts\/25405"}],"collection":[{"href":"https:\/\/senoticias.com.br\/se\/wp-json\/wp\/v2\/posts"}],"about":[{"href":"https:\/\/senoticias.com.br\/se\/wp-json\/wp\/v2\/types\/post"}],"author":[{"embeddable":true,"href":"https:\/\/senoticias.com.br\/se\/wp-json\/wp\/v2\/users\/3"}],"replies":[{"embeddable":true,"href":"https:\/\/senoticias.com.br\/se\/wp-json\/wp\/v2\/comments?post=25405"}],"version-history":[{"count":0,"href":"https:\/\/senoticias.com.br\/se\/wp-json\/wp\/v2\/posts\/25405\/revisions"}],"wp:featuredmedia":[{"embeddable":true,"href":"https:\/\/senoticias.com.br\/se\/wp-json\/wp\/v2\/media\/2205"}],"wp:attachment":[{"href":"https:\/\/senoticias.com.br\/se\/wp-json\/wp\/v2\/media?parent=25405"}],"wp:term":[{"taxonomy":"category","embeddable":true,"href":"https:\/\/senoticias.com.br\/se\/wp-json\/wp\/v2\/categories?post=25405"},{"taxonomy":"post_tag","embeddable":true,"href":"https:\/\/senoticias.com.br\/se\/wp-json\/wp\/v2\/tags?post=25405"}],"curies":[{"name":"wp","href":"https:\/\/api.w.org\/{rel}","templated":true}]}}