{"id":25399,"date":"2012-02-22T13:12:50","date_gmt":"2012-02-22T15:12:50","guid":{"rendered":"http:\/\/senoticias.com.br\/se\/?p=25399"},"modified":"2012-02-22T13:13:11","modified_gmt":"2012-02-22T15:13:11","slug":"homem-e-morto-a-tiros-em-estrada-de-povoado-de-moita-bonita","status":"publish","type":"post","link":"https:\/\/senoticias.com.br\/se\/homem-e-morto-a-tiros-em-estrada-de-povoado-de-moita-bonita\/","title":{"rendered":"Homem \u00e9 morto a tiros em estrada de povoado de Moita Bonita"},"content":{"rendered":"<div id=\"attachment_16471\" style=\"width: 269px\" class=\"wp-caption alignright\"><a href=\"http:\/\/senoticias.com.br\/se\/wp-content\/uploads\/2011\/10\/IML.jpg\"><img loading=\"lazy\" decoding=\"async\" aria-describedby=\"caption-attachment-16471\" class=\"size-full wp-image-16471\" title=\"IML\" src=\"http:\/\/senoticias.com.br\/se\/wp-content\/uploads\/2011\/10\/IML.jpg\" alt=\"\" width=\"259\" height=\"194\" srcset=\"https:\/\/senoticias.com.br\/se\/wp-content\/uploads\/2011\/10\/IML.jpg 259w, https:\/\/senoticias.com.br\/se\/wp-content\/uploads\/2011\/10\/IML-60x45.jpg 60w, https:\/\/senoticias.com.br\/se\/wp-content\/uploads\/2011\/10\/IML-150x113.jpg 150w\" sizes=\"(max-width: 259px) 100vw, 259px\" \/><\/a><p id=\"caption-attachment-16471\" class=\"wp-caption-text\">Corpo foi resgatado pelo IML no loteamento Lauro Rocha, local do crime.<\/p><\/div>\n<p style=\"text-align: justify;\">Morador da cidade de Moita Bonita (SE), o jovem Adriano Bispo dos Santos, 27 anos, foi assassinado a tiros na madrugada desta quarta-feira, dia 22, no povoado Serrinha, no mesmo munic\u00edpio do no agreste sergipano.<\/p>\n<p style=\"text-align: justify;\">De acordo com informa\u00e7\u00f5es passadas por familiares \u00e0 pol\u00edcia, a v\u00edtima estava retornando de uma seresta acompanhada de mais tr\u00eas amigos em um ve\u00edculo quando foi surpreendida por um desconhecido que ao sair de um matagal efetuou v\u00e1rios disparos e em seguida fugiu.<\/p>\n<p style=\"text-align: justify;\">O caso est\u00e1 sendo investigado pela pol\u00edcia do munic\u00edpio e a fam\u00edlia da v\u00edtima suspeita de emboscada, uma vez que os demais ocupantes do carro n\u00e3o foram atingidos pelos tiros, como tamb\u00e9m foi levado durante a a\u00e7\u00e3o.<\/p>\n<p style=\"text-align: justify;\">Adriano Bispo dos Santos estava separado da mulher h\u00e1 cerca de seis meses e por isso, estava residindo na casa dos pais.<\/p>\n<p style=\"text-align: justify;\">Texto: Gilson de Oliveira &#8211; Itnet<\/p>\n","protected":false},"excerpt":{"rendered":"<p>Morador da cidade de Moita Bonita (SE), o jovem Adriano Bispo dos Santos, 27 anos, foi assassinado a tiros na madrugada desta quarta-feira, dia 22, no povoado Serrinha, no mesmo munic\u00edpio do no agreste sergipano. De acordo com informa\u00e7\u00f5es passadas por familiares \u00e0 pol\u00edcia, a v\u00edtima estava retornando de uma seresta acompanhada de mais tr\u00eas [&hellip;]<\/p>\n","protected":false},"author":3,"featured_media":16471,"comment_status":"closed","ping_status":"closed","sticky":false,"template":"","format":"standard","meta":{"footnotes":""},"categories":[7],"tags":[],"class_list":{"0":"post-25399","1":"post","2":"type-post","3":"status-publish","4":"format-standard","5":"has-post-thumbnail","7":"category-policia"},"_links":{"self":[{"href":"https:\/\/senoticias.com.br\/se\/wp-json\/wp\/v2\/posts\/25399"}],"collection":[{"href":"https:\/\/senoticias.com.br\/se\/wp-json\/wp\/v2\/posts"}],"about":[{"href":"https:\/\/senoticias.com.br\/se\/wp-json\/wp\/v2\/types\/post"}],"author":[{"embeddable":true,"href":"https:\/\/senoticias.com.br\/se\/wp-json\/wp\/v2\/users\/3"}],"replies":[{"embeddable":true,"href":"https:\/\/senoticias.com.br\/se\/wp-json\/wp\/v2\/comments?post=25399"}],"version-history":[{"count":0,"href":"https:\/\/senoticias.com.br\/se\/wp-json\/wp\/v2\/posts\/25399\/revisions"}],"wp:featuredmedia":[{"embeddable":true,"href":"https:\/\/senoticias.com.br\/se\/wp-json\/wp\/v2\/media\/16471"}],"wp:attachment":[{"href":"https:\/\/senoticias.com.br\/se\/wp-json\/wp\/v2\/media?parent=25399"}],"wp:term":[{"taxonomy":"category","embeddable":true,"href":"https:\/\/senoticias.com.br\/se\/wp-json\/wp\/v2\/categories?post=25399"},{"taxonomy":"post_tag","embeddable":true,"href":"https:\/\/senoticias.com.br\/se\/wp-json\/wp\/v2\/tags?post=25399"}],"curies":[{"name":"wp","href":"https:\/\/api.w.org\/{rel}","templated":true}]}}