{"id":25393,"date":"2012-02-22T09:08:22","date_gmt":"2012-02-22T11:08:22","guid":{"rendered":"http:\/\/senoticias.com.br\/se\/?p=25393"},"modified":"2012-02-22T09:08:40","modified_gmt":"2012-02-22T11:08:40","slug":"beneficiarios-do-bolsa-familia-com-pagamento-bloqueado-devem-atualizar-cadastro-ate-o-dia-29","status":"publish","type":"post","link":"https:\/\/senoticias.com.br\/se\/beneficiarios-do-bolsa-familia-com-pagamento-bloqueado-devem-atualizar-cadastro-ate-o-dia-29\/","title":{"rendered":"Benefici\u00e1rios do Bolsa Fam\u00edlia com pagamento bloqueado devem atualizar cadastro at\u00e9 o dia 29"},"content":{"rendered":"<div id=\"attachment_2396\" style=\"width: 310px\" class=\"wp-caption alignright\"><a href=\"http:\/\/senoticias.com.br\/se\/wp-content\/uploads\/2011\/02\/bolsa-familia.gif\"><img loading=\"lazy\" decoding=\"async\" aria-describedby=\"caption-attachment-2396\" class=\"size-medium wp-image-2396\" title=\"bolsa-familia\" src=\"http:\/\/senoticias.com.br\/se\/wp-content\/uploads\/2011\/02\/bolsa-familia-300x193.gif\" alt=\"\" width=\"300\" height=\"193\" srcset=\"https:\/\/senoticias.com.br\/se\/wp-content\/uploads\/2011\/02\/bolsa-familia-300x193.gif 300w, https:\/\/senoticias.com.br\/se\/wp-content\/uploads\/2011\/02\/bolsa-familia-342x221.gif 342w, https:\/\/senoticias.com.br\/se\/wp-content\/uploads\/2011\/02\/bolsa-familia.gif 591w\" sizes=\"(max-width: 300px) 100vw, 300px\" \/><\/a><p id=\"caption-attachment-2396\" class=\"wp-caption-text\">Bolsa Fam\u00edlia (Foto Internet)<\/p><\/div>\n<p style=\"text-align: justify;\">Os benefici\u00e1rios do Bolsa Fam\u00edlia que n\u00e3o receberam o benef\u00edcio em janeiro e fevereiro t\u00eam at\u00e9 o pr\u00f3ximo dia 29 para atualizar os dados cadastrais. De acordo com o Minist\u00e9rio do Desenvolvimento Social e Combate \u00e0 Fome (MDS), os respons\u00e1veis pelas fam\u00edlias devem procurar a prefeitura a fim de confirmar ou alterar as informa\u00e7\u00f5es que constam do Cadastro \u00danico para Programas Sociais do Governo Federal e evitar o cancelamento do pagamento em mar\u00e7o.<\/p>\n<p style=\"text-align: justify;\">O minist\u00e9rio informou que 729 mil fam\u00edlias tiveram os benef\u00edcios bloqueados por n\u00e3o atualizar as informa\u00e7\u00f5es no Cadastro \u00danico. A atualiza\u00e7\u00e3o cadastral \u00e9 peri\u00f3dica e funciona como um dos mecanismo de controle do programa de transfer\u00eancia de renda, que atende a 13,3 milh\u00f5es de fam\u00edlias.<br \/>\nO governo determinou que os benefici\u00e1rios dos munic\u00edpios afetados pelas enchentes em Minas Gerais, no Rio de Janeiro e Esp\u00edrito Santo, cujas prefeituras decretaram estado de emerg\u00eancia ou de calamidade p\u00fablica, n\u00e3o tivessem o recurso bloqueado. Mas \u00e9 importante que as fam\u00edlias procurem o gestor municipal o mais r\u00e1pido poss\u00edvel para fazer a atualiza\u00e7\u00e3o cadastral.<\/p>\n<p style=\"text-align: justify;\">Segundo o MDS, no in\u00edcio de cada ano, o minist\u00e9rio identifica todas as fam\u00edlias com cadastros sem atualiza\u00e7\u00e3o nos \u00faltimos dois anos e publica a rela\u00e7\u00e3o no Sistema de Gest\u00e3o Integrada do Programa Bolsa Fam\u00edlia. Tamb\u00e9m emite avisos nos extratos banc\u00e1rios dos benefici\u00e1rios para que fa\u00e7am a atualiza\u00e7\u00e3o e n\u00e3o tenham os benef\u00edcios bloqueados.<\/p>\n<p style=\"text-align: justify;\">O programa atende fam\u00edlias com renda por pessoa de at\u00e9 R$ 140 por m\u00eas. Os valores dos benef\u00edcios variam de R$ 32 a R$ 306, de acordo com o perfil de renda e o n\u00famero de integrantes. As fam\u00edlias precisam manter os filhos na escola, a agenda de sa\u00fade em dia e atualizar, pelo menos a cada dois anos, os dados de renda, n\u00famero de integrantes, endere\u00e7o e escola dos filhos.<\/p>\n<p style=\"text-align: justify;\">Da Ag\u00eancia Brasil<\/p>\n","protected":false},"excerpt":{"rendered":"<p>Os benefici\u00e1rios do Bolsa Fam\u00edlia que n\u00e3o receberam o benef\u00edcio em janeiro e fevereiro t\u00eam at\u00e9 o pr\u00f3ximo dia 29 para atualizar os dados cadastrais. De acordo com o Minist\u00e9rio do Desenvolvimento Social e Combate \u00e0 Fome (MDS), os respons\u00e1veis pelas fam\u00edlias devem procurar a prefeitura a fim de confirmar ou alterar as informa\u00e7\u00f5es que [&hellip;]<\/p>\n","protected":false},"author":3,"featured_media":2396,"comment_status":"closed","ping_status":"closed","sticky":false,"template":"","format":"standard","meta":{"footnotes":""},"categories":[38],"tags":[],"class_list":{"0":"post-25393","1":"post","2":"type-post","3":"status-publish","4":"format-standard","5":"has-post-thumbnail","7":"category-municipios"},"_links":{"self":[{"href":"https:\/\/senoticias.com.br\/se\/wp-json\/wp\/v2\/posts\/25393"}],"collection":[{"href":"https:\/\/senoticias.com.br\/se\/wp-json\/wp\/v2\/posts"}],"about":[{"href":"https:\/\/senoticias.com.br\/se\/wp-json\/wp\/v2\/types\/post"}],"author":[{"embeddable":true,"href":"https:\/\/senoticias.com.br\/se\/wp-json\/wp\/v2\/users\/3"}],"replies":[{"embeddable":true,"href":"https:\/\/senoticias.com.br\/se\/wp-json\/wp\/v2\/comments?post=25393"}],"version-history":[{"count":0,"href":"https:\/\/senoticias.com.br\/se\/wp-json\/wp\/v2\/posts\/25393\/revisions"}],"wp:featuredmedia":[{"embeddable":true,"href":"https:\/\/senoticias.com.br\/se\/wp-json\/wp\/v2\/media\/2396"}],"wp:attachment":[{"href":"https:\/\/senoticias.com.br\/se\/wp-json\/wp\/v2\/media?parent=25393"}],"wp:term":[{"taxonomy":"category","embeddable":true,"href":"https:\/\/senoticias.com.br\/se\/wp-json\/wp\/v2\/categories?post=25393"},{"taxonomy":"post_tag","embeddable":true,"href":"https:\/\/senoticias.com.br\/se\/wp-json\/wp\/v2\/tags?post=25393"}],"curies":[{"name":"wp","href":"https:\/\/api.w.org\/{rel}","templated":true}]}}