{"id":25388,"date":"2012-02-22T09:02:30","date_gmt":"2012-02-22T11:02:30","guid":{"rendered":"http:\/\/senoticias.com.br\/se\/?p=25388"},"modified":"2012-02-22T09:02:43","modified_gmt":"2012-02-22T11:02:43","slug":"bancos-voltam-a-funcionar-ao-meio-dia-desta-quarta-feira","status":"publish","type":"post","link":"https:\/\/senoticias.com.br\/se\/bancos-voltam-a-funcionar-ao-meio-dia-desta-quarta-feira\/","title":{"rendered":"Bancos voltam a funcionar ao meio-dia desta quarta-feira"},"content":{"rendered":"<p style=\"text-align: justify;\"><a href=\"http:\/\/senoticias.com.br\/se\/wp-content\/uploads\/2011\/10\/Bancos-Filas.jpg\"><img loading=\"lazy\" decoding=\"async\" class=\"alignleft size-full wp-image-15778\" title=\"Bancos Filas\" src=\"http:\/\/senoticias.com.br\/se\/wp-content\/uploads\/2011\/10\/Bancos-Filas.jpg\" alt=\"\" width=\"256\" height=\"170\" \/><\/a>Os bancos voltar\u00e3o a funcionar a partir das 12h desta Quarta-feira de Cinzas (22), segundo a Federa\u00e7\u00e3o Brasileira de Bancos (Febraban). Ontem (20) e hoje (21) n\u00e3o houve expediente banc\u00e1rio em fun\u00e7\u00e3o do feriado de carnaval.<\/p>\n<p style=\"text-align: justify;\">As contas de consumo (\u00e1gua, luz, telefone e TV a cabo, por exemplo) e os carn\u00eas que venceram durante o carnaval poder\u00e3o ser pagos, sem a incid\u00eancia de multa, amanh\u00e3. A popula\u00e7\u00e3o tamb\u00e9m poder\u00e1 usar os canais alternativos de atendimento para as opera\u00e7\u00f5es banc\u00e1rias, como caixas eletr\u00f4nicos, Internet Banking, Mobile Banking, banco por telefone e correspondentes (casas lot\u00e9ricas, ag\u00eancias dos Correios, redes de supermercados e outros estabelecimentos comerciais credenciados).<\/p>\n<p style=\"text-align: justify;\">Os tributos, normalmente, j\u00e1 est\u00e3o com a data de pagamento ajustada conforme o calend\u00e1rio de feriados nacionais, estaduais e municipais.<\/p>\n<p style=\"text-align: justify;\">Os clientes podem ainda agendar nos bancos o pagamento das contas de consumo ou pag\u00e1-las (as que t\u00eam c\u00f3digo de barras) nos pr\u00f3prios caixas autom\u00e1ticos ou nos correspondentes. J\u00e1 os boletos banc\u00e1rios de clientes cadastrados como sacados eletr\u00f4nicos poder\u00e3o ser agendados ou pagos por meio do D\u00e9bito Direto Autorizado.<\/p>\n<p style=\"text-align: justify;\">Da Ag\u00eancia Brasil<\/p>\n","protected":false},"excerpt":{"rendered":"<p>Os bancos voltar\u00e3o a funcionar a partir das 12h desta Quarta-feira de Cinzas (22), segundo a Federa\u00e7\u00e3o Brasileira de Bancos (Febraban). Ontem (20) e hoje (21) n\u00e3o houve expediente banc\u00e1rio em fun\u00e7\u00e3o do feriado de carnaval. As contas de consumo (\u00e1gua, luz, telefone e TV a cabo, por exemplo) e os carn\u00eas que venceram durante [&hellip;]<\/p>\n","protected":false},"author":3,"featured_media":15778,"comment_status":"closed","ping_status":"closed","sticky":false,"template":"","format":"standard","meta":{"footnotes":""},"categories":[38],"tags":[],"class_list":{"0":"post-25388","1":"post","2":"type-post","3":"status-publish","4":"format-standard","5":"has-post-thumbnail","7":"category-municipios"},"_links":{"self":[{"href":"https:\/\/senoticias.com.br\/se\/wp-json\/wp\/v2\/posts\/25388"}],"collection":[{"href":"https:\/\/senoticias.com.br\/se\/wp-json\/wp\/v2\/posts"}],"about":[{"href":"https:\/\/senoticias.com.br\/se\/wp-json\/wp\/v2\/types\/post"}],"author":[{"embeddable":true,"href":"https:\/\/senoticias.com.br\/se\/wp-json\/wp\/v2\/users\/3"}],"replies":[{"embeddable":true,"href":"https:\/\/senoticias.com.br\/se\/wp-json\/wp\/v2\/comments?post=25388"}],"version-history":[{"count":0,"href":"https:\/\/senoticias.com.br\/se\/wp-json\/wp\/v2\/posts\/25388\/revisions"}],"wp:featuredmedia":[{"embeddable":true,"href":"https:\/\/senoticias.com.br\/se\/wp-json\/wp\/v2\/media\/15778"}],"wp:attachment":[{"href":"https:\/\/senoticias.com.br\/se\/wp-json\/wp\/v2\/media?parent=25388"}],"wp:term":[{"taxonomy":"category","embeddable":true,"href":"https:\/\/senoticias.com.br\/se\/wp-json\/wp\/v2\/categories?post=25388"},{"taxonomy":"post_tag","embeddable":true,"href":"https:\/\/senoticias.com.br\/se\/wp-json\/wp\/v2\/tags?post=25388"}],"curies":[{"name":"wp","href":"https:\/\/api.w.org\/{rel}","templated":true}]}}