{"id":23661,"date":"2012-02-01T23:02:22","date_gmt":"2012-02-02T02:02:22","guid":{"rendered":"http:\/\/senoticias.com.br\/se\/?p=23661"},"modified":"2012-02-01T23:02:45","modified_gmt":"2012-02-02T02:02:45","slug":"itaporanga-pronta-para-festa-da-padroeira","status":"publish","type":"post","link":"https:\/\/senoticias.com.br\/se\/itaporanga-pronta-para-festa-da-padroeira\/","title":{"rendered":"Itaporanga pronta para Festa da Padroeira"},"content":{"rendered":"<p style=\"text-align: justify;\"><a href=\"http:\/\/senoticias.com.br\/se\/wp-content\/uploads\/2012\/02\/120127084252_DSC02662.jpg\"><img loading=\"lazy\" decoding=\"async\" class=\"alignleft size-medium wp-image-23662\" title=\"120127084252_DSC02662\" src=\"http:\/\/senoticias.com.br\/se\/wp-content\/uploads\/2012\/02\/120127084252_DSC02662-225x300.jpg\" alt=\"\" width=\"225\" height=\"300\" srcset=\"https:\/\/senoticias.com.br\/se\/wp-content\/uploads\/2012\/02\/120127084252_DSC02662-225x300.jpg 225w, https:\/\/senoticias.com.br\/se\/wp-content\/uploads\/2012\/02\/120127084252_DSC02662-342x456.jpg 342w, https:\/\/senoticias.com.br\/se\/wp-content\/uploads\/2012\/02\/120127084252_DSC02662-300x400.jpg 300w, https:\/\/senoticias.com.br\/se\/wp-content\/uploads\/2012\/02\/120127084252_DSC02662.jpg 450w\" sizes=\"(max-width: 225px) 100vw, 225px\" \/><\/a>Itaporanga est\u00e1 pronta para Festa da Padroeira, Nossa Senhora D\u2019Ajuda, que acontece nesta quarta, dia 01 e quinta feira, dia 02. O evento tradicional do munic\u00edpio vem com uma programa\u00e7\u00e3o art\u00edstica e religiosa diversificada.<\/p>\n<p style=\"text-align: justify;\">Este ano as noites itaporanguense ser\u00e3o animadas com as bandas, S\u00f3 lamento, leva Noiz, Fogo na Saia, Seu Maxixe e Maysa Reis. As apresenta\u00e7\u00f5es acontecem na pra\u00e7a de eventos nos dois dias de festejos.<\/p>\n<p style=\"text-align: justify;\">A programa\u00e7\u00e3o religiosa vem acontecendo desde o dia 24, sob a organiza\u00e7\u00e3o do Padre, Willams Oliveira, P\u00e1roco do Munic\u00edpio e finaliza no dia 02, com Alvorada Festiva no per\u00edodo da manh\u00e3 e Prociss\u00e3o pelas ruas da cidade a partir das<\/p>\n<p><strong>Dia Festivo 02\/02 \u2013 Quinta-feira<\/strong><\/p>\n<p>06h00 \u2013 Alvorada Festiva<\/p>\n<p>06h30 \u2013 Of\u00edcio de Nossa Senhora<\/p>\n<p>07h00 \u2013 Caf\u00e9 da manh\u00e3<\/p>\n<p>08h00 \u2013 Batizados<\/p>\n<p>10h00 \u2013 Missa Solene<\/p>\n<p>Celebrante: Pe. J\u00e2nison de S\u00e1 Santos (Magn\u00edfico Reitor do Semin\u00e1rio Maior Nossa Senhora da Concei\u00e7\u00e3o)<\/p>\n<p>Respons\u00e1veis: Ministros Extraordin\u00e1rios da Comunh\u00e3o<\/p>\n<p>12h00n \u2013 \u00c2ngelus<\/p>\n<p><strong>16h00 \u2013 Prociss\u00e3o pelas ruas da Cidade<\/strong><\/p>\n<p>18h00 \u2013 Santa Missa de Encerramento<\/p>\n<p>Celebrante: Pe. Willams Oliveira Lima<\/p>\n<p>Respons\u00e1veis: M\u00fasicos e Pastoral de Eventos.<\/p>\n","protected":false},"excerpt":{"rendered":"<p>Itaporanga est\u00e1 pronta para Festa da Padroeira, Nossa Senhora D\u2019Ajuda, que acontece nesta quarta, dia 01 e quinta feira, dia 02. O evento tradicional do munic\u00edpio vem com uma programa\u00e7\u00e3o art\u00edstica e religiosa diversificada. Este ano as noites itaporanguense ser\u00e3o animadas com as bandas, S\u00f3 lamento, leva Noiz, Fogo na Saia, Seu Maxixe e Maysa [&hellip;]<\/p>\n","protected":false},"author":3,"featured_media":23662,"comment_status":"closed","ping_status":"closed","sticky":false,"template":"","format":"standard","meta":{"footnotes":""},"categories":[46],"tags":[],"class_list":{"0":"post-23661","1":"post","2":"type-post","3":"status-publish","4":"format-standard","5":"has-post-thumbnail","7":"category-religiao"},"_links":{"self":[{"href":"https:\/\/senoticias.com.br\/se\/wp-json\/wp\/v2\/posts\/23661"}],"collection":[{"href":"https:\/\/senoticias.com.br\/se\/wp-json\/wp\/v2\/posts"}],"about":[{"href":"https:\/\/senoticias.com.br\/se\/wp-json\/wp\/v2\/types\/post"}],"author":[{"embeddable":true,"href":"https:\/\/senoticias.com.br\/se\/wp-json\/wp\/v2\/users\/3"}],"replies":[{"embeddable":true,"href":"https:\/\/senoticias.com.br\/se\/wp-json\/wp\/v2\/comments?post=23661"}],"version-history":[{"count":0,"href":"https:\/\/senoticias.com.br\/se\/wp-json\/wp\/v2\/posts\/23661\/revisions"}],"wp:featuredmedia":[{"embeddable":true,"href":"https:\/\/senoticias.com.br\/se\/wp-json\/wp\/v2\/media\/23662"}],"wp:attachment":[{"href":"https:\/\/senoticias.com.br\/se\/wp-json\/wp\/v2\/media?parent=23661"}],"wp:term":[{"taxonomy":"category","embeddable":true,"href":"https:\/\/senoticias.com.br\/se\/wp-json\/wp\/v2\/categories?post=23661"},{"taxonomy":"post_tag","embeddable":true,"href":"https:\/\/senoticias.com.br\/se\/wp-json\/wp\/v2\/tags?post=23661"}],"curies":[{"name":"wp","href":"https:\/\/api.w.org\/{rel}","templated":true}]}}