{"id":23650,"date":"2012-02-01T21:34:39","date_gmt":"2012-02-02T00:34:39","guid":{"rendered":"http:\/\/senoticias.com.br\/se\/?p=23650"},"modified":"2012-02-01T21:36:11","modified_gmt":"2012-02-02T00:36:11","slug":"geracao-de-empregos-na-industria-sergipana-e-proporcionalmente-a-quarta-melhor-do-pais","status":"publish","type":"post","link":"https:\/\/senoticias.com.br\/se\/geracao-de-empregos-na-industria-sergipana-e-proporcionalmente-a-quarta-melhor-do-pais\/","title":{"rendered":"Gera\u00e7\u00e3o de empregos na ind\u00fastria sergipana \u00e9 proporcionalmente a quarta melhor do pa\u00eds"},"content":{"rendered":"<p style=\"text-align: justify;\"><a href=\"http:\/\/senoticias.com.br\/se\/wp-content\/uploads\/2012\/02\/capa_foto_Viera-Neto.jpg\"><img loading=\"lazy\" decoding=\"async\" class=\"alignleft size-medium wp-image-23651\" title=\"capa_foto_Viera Neto\" src=\"http:\/\/senoticias.com.br\/se\/wp-content\/uploads\/2012\/02\/capa_foto_Viera-Neto-300x200.jpg\" alt=\"\" width=\"300\" height=\"200\" srcset=\"https:\/\/senoticias.com.br\/se\/wp-content\/uploads\/2012\/02\/capa_foto_Viera-Neto-300x200.jpg 300w, https:\/\/senoticias.com.br\/se\/wp-content\/uploads\/2012\/02\/capa_foto_Viera-Neto-342x228.jpg 342w, https:\/\/senoticias.com.br\/se\/wp-content\/uploads\/2012\/02\/capa_foto_Viera-Neto.jpg 700w\" sizes=\"(max-width: 300px) 100vw, 300px\" \/><\/a>A ind\u00fastria sergipana registrou o 2\u00ba maior n\u00famero de empregos gerados da s\u00e9rie dispon\u00edvel do Cadastro Geral de Emprego e Desemprego (CAGED), com a admiss\u00e3o de novos 3.324 trabalhadores e uma varia\u00e7\u00e3o de 7,81%. Ela foi considerada a 4\u00aa melhor do pa\u00eds, em termos proporcionais, atr\u00e1s apenas para Amazonas, Amap\u00e1 e Tocantins, e a melhor do Nordeste.<\/p>\n<p style=\"text-align: justify;\">\u201cAlgo que nos motiva muito em continuar trabalhando pelo desenvolvimento econ\u00f4mico de Sergipe \u00e9 enxergarmos nesses n\u00fameros que os setores que recebem diretamente apoio do governo estadual s\u00e3o tamb\u00e9m aqueles que mais geraram empregos na nossa ind\u00fastria\u201d, comemorou o secret\u00e1rio Zeca da Silva, do Desenvolvimento Econ\u00f4mico e da Ci\u00eancia e Tecnologia (Sedetec).<\/p>\n<p style=\"text-align: justify;\">A ind\u00fastria qu\u00edmica, diretamente ligada \u00e0 cadeia sucroalcooleira, foi o subsetor industrial que mais empregou com 908 admiss\u00f5es, um recorde do segmento dentro da s\u00e9rie desde 1996. Logo em seguida, v\u00eam os fabricantes de produtos minerais n\u00e3o met\u00e1licos ligados \u00e0 constru\u00e7\u00e3o civil, com 876 novos trabalhadores. J\u00e1 o subsetor de alimentos e bebidas, trouxe 687 profissionais com carteira assinada. E a ind\u00fastria cal\u00e7adista, que recebeu nos \u00faltimos tr\u00eas anos grandes investimentos, diminuiu o ritmo de crescimento do emprego, por\u00e9m registrou um consider\u00e1vel saldo positivo de 446 admiss\u00f5es.<\/p>\n<p style=\"text-align: justify;\">Quanto \u00e0 varia\u00e7\u00e3o do n\u00edvel de emprego, os destaques ficaram para o setor de materiais el\u00e9tricos e de comunica\u00e7\u00f5es, com 19,72%; os produtos minerais n\u00e3o met\u00e1licos do n\u00edvel de emprego (19,56%); o subsetor de fabrica\u00e7\u00e3o de produtos de borracha, fumo e couros (16,72%); ind\u00fastria qu\u00edmica (14,71%); e a ind\u00fastria metal\u00fargica (12,5%).<\/p>\n<p style=\"text-align: justify;\">J\u00e1 os subsetores da ind\u00fastria mec\u00e2nica, de materiais de transporte e de t\u00eaxtil-vestu\u00e1rio apresentaram queda do n\u00edvel de emprego de -117, -87 e -47, respectivamente. Sendo que o subsetor de materiais de transporte sentiu mais e apresentou a pior varia\u00e7\u00e3o (-16,83%). \u201cO mais preocupante \u00e9 o desempenho da ind\u00fastria t\u00eaxtil, que tem enfrentado a feroz concorr\u00eancia dos produtos importados, sobretudo chineses. Mas, esse comportamento n\u00e3o \u00e9 uma realidade apenas de Sergipe e, sim, de todo o nordeste do Brasil\u201d, explica o t\u00e9cnico do departamento t\u00e9cnico da Sedetec, Magaiver Correia.<\/p>\n<p style=\"text-align: justify;\">No m\u00eas de dezembro de 2011, por conta de fatores sazonais comuns ao per\u00edodo de fim de ano que acabam por afetar quase todos os setores econ\u00f4micos, a ind\u00fastria de transforma\u00e7\u00e3o apresentou um saldo negativo de -251 postos de trabalho, variou negativamente em 0,55%. Todos os subsetores industriais, exceto \u2018Alimentos e Bebidas\u2019 e \u2018Materiais El\u00e9tricos e Comunica\u00e7\u00f5es\u2019, registraram queda do n\u00edvel de emprego no \u00faltimo m\u00eas do ano.<\/p>\n<p style=\"text-align: justify;\">Ascom\/Sedetec<\/p>\n","protected":false},"excerpt":{"rendered":"<p>A ind\u00fastria sergipana registrou o 2\u00ba maior n\u00famero de empregos gerados da s\u00e9rie dispon\u00edvel do Cadastro Geral de Emprego e Desemprego (CAGED), com a admiss\u00e3o de novos 3.324 trabalhadores e uma varia\u00e7\u00e3o de 7,81%. Ela foi considerada a 4\u00aa melhor do pa\u00eds, em termos proporcionais, atr\u00e1s apenas para Amazonas, Amap\u00e1 e Tocantins, e a melhor [&hellip;]<\/p>\n","protected":false},"author":3,"featured_media":23651,"comment_status":"closed","ping_status":"closed","sticky":false,"template":"","format":"standard","meta":{"footnotes":""},"categories":[38],"tags":[],"class_list":{"0":"post-23650","1":"post","2":"type-post","3":"status-publish","4":"format-standard","5":"has-post-thumbnail","7":"category-municipios"},"_links":{"self":[{"href":"https:\/\/senoticias.com.br\/se\/wp-json\/wp\/v2\/posts\/23650"}],"collection":[{"href":"https:\/\/senoticias.com.br\/se\/wp-json\/wp\/v2\/posts"}],"about":[{"href":"https:\/\/senoticias.com.br\/se\/wp-json\/wp\/v2\/types\/post"}],"author":[{"embeddable":true,"href":"https:\/\/senoticias.com.br\/se\/wp-json\/wp\/v2\/users\/3"}],"replies":[{"embeddable":true,"href":"https:\/\/senoticias.com.br\/se\/wp-json\/wp\/v2\/comments?post=23650"}],"version-history":[{"count":0,"href":"https:\/\/senoticias.com.br\/se\/wp-json\/wp\/v2\/posts\/23650\/revisions"}],"wp:featuredmedia":[{"embeddable":true,"href":"https:\/\/senoticias.com.br\/se\/wp-json\/wp\/v2\/media\/23651"}],"wp:attachment":[{"href":"https:\/\/senoticias.com.br\/se\/wp-json\/wp\/v2\/media?parent=23650"}],"wp:term":[{"taxonomy":"category","embeddable":true,"href":"https:\/\/senoticias.com.br\/se\/wp-json\/wp\/v2\/categories?post=23650"},{"taxonomy":"post_tag","embeddable":true,"href":"https:\/\/senoticias.com.br\/se\/wp-json\/wp\/v2\/tags?post=23650"}],"curies":[{"name":"wp","href":"https:\/\/api.w.org\/{rel}","templated":true}]}}