{"id":23640,"date":"2012-02-01T21:15:49","date_gmt":"2012-02-02T00:15:49","guid":{"rendered":"http:\/\/senoticias.com.br\/se\/?p=23640"},"modified":"2012-02-01T21:16:04","modified_gmt":"2012-02-02T00:16:04","slug":"policia-civil-de-lagarto-apreende-dois-quilos-de-maconha","status":"publish","type":"post","link":"https:\/\/senoticias.com.br\/se\/policia-civil-de-lagarto-apreende-dois-quilos-de-maconha\/","title":{"rendered":"Pol\u00edcia Civil de Lagarto apreende dois quilos de maconha"},"content":{"rendered":"<p style=\"text-align: justify;\"><a href=\"http:\/\/senoticias.com.br\/se\/wp-content\/uploads\/2012\/02\/images-stories-NOVAS_FOTOS_NOTICIAS-Fevereiro-1-droga_lagarto_ii-220x124.jpg\"><img loading=\"lazy\" decoding=\"async\" class=\"alignleft size-full wp-image-23647\" title=\"images-stories-NOVAS_FOTOS_NOTICIAS-Fevereiro-1-droga_lagarto_ii-220x124\" src=\"http:\/\/senoticias.com.br\/se\/wp-content\/uploads\/2012\/02\/images-stories-NOVAS_FOTOS_NOTICIAS-Fevereiro-1-droga_lagarto_ii-220x124.jpg\" alt=\"\" width=\"220\" height=\"124\" \/><\/a>Policiais civis do setor de entorpecentes da delegacia regional da cidade de Lagarto apreenderam na tarde desta ter\u00e7a-feira, 31, dois quilos de maconha. A droga estava em posse do casal Wesley Weliton de Oliveira, vulgo \u201cGordo\u201d e Maria Soledade de Matos Silva.<\/p>\n<p style=\"text-align: justify;\">O casal foi preso quando comercializava droga no bairro Novo Horizonte. De acordo com o delegado F\u00e1bio Pimentel, Wesley \u00e9 foragido da pol\u00edcia e j\u00e1 foi condenado a 13 anos de pris\u00e3o por tr\u00e1fico e roubo.<\/p>\n<p style=\"text-align: justify;\"><strong>Adolescente \u00e9 apreendido com 1 quilo de maconha em Socorro<\/strong><br \/>\nNa noite desta segunda-feira, 31, policiais militares lotados na Companhia de Pol\u00edcia de Radiopatrulha (CPRp) apreenderam um adolescente foragido do Centro de Atendimento ao Menor (CENAM). O jovem foi flagrado vendendo entorpecentes na Rua D, loteamento S\u00e3o Vicente, no bairro Piabeta, em Nossa Senhora do Socorro.<\/p>\n<p style=\"text-align: justify;\">De acordo com o sargento Fernande Pereira, a den\u00fancia a respeito do tr\u00e1fico de entorpecentes partiu de moradores. \u201cQuando chegamos ao local encontramos cerca de um quilo de maconha com o rapaz\u201d, disse o sargento. A droga e o adolescente infrator foram encaminhados \u00e0 Delegacia Plantonista.<\/p>\n<p style=\"text-align: justify;\">SSP\/SE<\/p>\n","protected":false},"excerpt":{"rendered":"<p>Policiais civis do setor de entorpecentes da delegacia regional da cidade de Lagarto apreenderam na tarde desta ter\u00e7a-feira, 31, dois quilos de maconha. A droga estava em posse do casal Wesley Weliton de Oliveira, vulgo \u201cGordo\u201d e Maria Soledade de Matos Silva. O casal foi preso quando comercializava droga no bairro Novo Horizonte. De acordo [&hellip;]<\/p>\n","protected":false},"author":3,"featured_media":23647,"comment_status":"closed","ping_status":"closed","sticky":false,"template":"","format":"standard","meta":{"footnotes":""},"categories":[7],"tags":[],"class_list":{"0":"post-23640","1":"post","2":"type-post","3":"status-publish","4":"format-standard","5":"has-post-thumbnail","7":"category-policia"},"_links":{"self":[{"href":"https:\/\/senoticias.com.br\/se\/wp-json\/wp\/v2\/posts\/23640"}],"collection":[{"href":"https:\/\/senoticias.com.br\/se\/wp-json\/wp\/v2\/posts"}],"about":[{"href":"https:\/\/senoticias.com.br\/se\/wp-json\/wp\/v2\/types\/post"}],"author":[{"embeddable":true,"href":"https:\/\/senoticias.com.br\/se\/wp-json\/wp\/v2\/users\/3"}],"replies":[{"embeddable":true,"href":"https:\/\/senoticias.com.br\/se\/wp-json\/wp\/v2\/comments?post=23640"}],"version-history":[{"count":0,"href":"https:\/\/senoticias.com.br\/se\/wp-json\/wp\/v2\/posts\/23640\/revisions"}],"wp:featuredmedia":[{"embeddable":true,"href":"https:\/\/senoticias.com.br\/se\/wp-json\/wp\/v2\/media\/23647"}],"wp:attachment":[{"href":"https:\/\/senoticias.com.br\/se\/wp-json\/wp\/v2\/media?parent=23640"}],"wp:term":[{"taxonomy":"category","embeddable":true,"href":"https:\/\/senoticias.com.br\/se\/wp-json\/wp\/v2\/categories?post=23640"},{"taxonomy":"post_tag","embeddable":true,"href":"https:\/\/senoticias.com.br\/se\/wp-json\/wp\/v2\/tags?post=23640"}],"curies":[{"name":"wp","href":"https:\/\/api.w.org\/{rel}","templated":true}]}}