{"id":23635,"date":"2012-02-01T20:53:35","date_gmt":"2012-02-01T23:53:35","guid":{"rendered":"http:\/\/senoticias.com.br\/se\/?p=23635"},"modified":"2012-02-02T12:30:57","modified_gmt":"2012-02-02T15:30:57","slug":"%e2%80%9cnao-podemos-cometer-erros-faremos-uma-coligacao-para-vencer%e2%80%9d-afirma-marcelo-deda","status":"publish","type":"post","link":"https:\/\/senoticias.com.br\/se\/%e2%80%9cnao-podemos-cometer-erros-faremos-uma-coligacao-para-vencer%e2%80%9d-afirma-marcelo-deda\/","title":{"rendered":"\u201cN\u00e3o podemos cometer erros. Faremos uma coliga\u00e7\u00e3o para vencer\u201d, afirma Marcelo D\u00e9da"},"content":{"rendered":"<p style=\"text-align: justify;\"><a href=\"http:\/\/senoticias.com.br\/se\/wp-content\/uploads\/2011\/12\/D%C3%A9da.jpg\"><img loading=\"lazy\" decoding=\"async\" class=\"alignleft size-medium wp-image-20832\" title=\"D\u00e9da\" src=\"http:\/\/senoticias.com.br\/se\/wp-content\/uploads\/2011\/12\/D%C3%A9da-300x198.jpg\" alt=\"\" width=\"300\" height=\"198\" \/><\/a>Na manh\u00e3 dessa quarta-feira (1), durante o Jornal da Manh\u00e3, apresentado pelos jornalistas Andr\u00e9 Barros e Rosalvo Nogueira, foi exibida uma entrevista especial com o governador Marcelo D\u00e9da (PT), que falou sobre diversos assuntos. De acordo com o governador, os grandes investimentos realizados na capital n\u00e3o t\u00eam a ver com campanha. \u201cAlguns investimentos que eu anunciei, embora iniciados esse ano, s\u00f3 ser\u00e3o conclu\u00eddos em 2013 e outros em 2015. O que eu apresentei foi um plano de interven\u00e7\u00f5es do Governo do Estado em parceria com a Prefeitura Municipal de Aracaju (PMA), objetivando melhorar a mobilidade urbana, ampliar a acessibilidade, investir na habita\u00e7\u00e3o e tamb\u00e9m criar novas infraestruturas urbanas para a cidade continuar sendo a capital da qualidade de vida\u201d, ressalta.<\/p>\n<p style=\"text-align: justify;\">Ainda s\u00e3o objetivos do governador duplicar o viaduto do Detran, obra que, segundo ele, j\u00e1 foi iniciada; implantar a rodovia Dr. Lauro Porto, ligando o viaduto da BR-235 at\u00e9 a Santa Gleide, integrando Aracaju \u00e0 BR-101 na altura da entrada do munic\u00edpio de Itabaiana. O governo anunciou tamb\u00e9m um investimento de R$ 60 milh\u00f5es em obras de habita\u00e7\u00e3o popular. O Canal do Guaxinim, a Ponte do Rio do Sal e as margens da avenida Euclides Figueiredo ser\u00e3o desfavelados. Algumas dessas a\u00e7\u00f5es j\u00e1 foram iniciadas, enquanto outras aguardam o processo licitat\u00f3rio.<\/p>\n<p style=\"text-align: justify;\">Em rela\u00e7\u00e3o ao Sergipe Cidades, programa do estado que envolve os munic\u00edpios sergipanos, o governador afirma que mais benef\u00edcios est\u00e3o a caminho. \u201cMais de R$ 100 milh\u00f5es j\u00e1 foram investidos e vamos lan\u00e7ar mais uma fornada de empreendimentos no interior do estado em parceria com as prefeituras municipais na ordem de R$ 40 milh\u00f5es. S\u00e3o escolas, pra\u00e7as, mercados, quadras e gin\u00e1sios de esporte. O estado apoia a prefeitura criando a infraestrutura social, urbana, investindo na educa\u00e7\u00e3o e no esporte\u201d, explica.<\/p>\n<p style=\"text-align: justify;\"><strong>Receio<\/strong><\/p>\n<p style=\"text-align: justify;\">Essa semana surgiu uma preocupa\u00e7\u00e3o muito grande diante dos investimentos que podem ser feitos na Barra dos Coqueiros. Alguns empres\u00e1rios, que pretendem investir na regi\u00e3o Sul, demonstram um certo receio ap\u00f3s terem sido notificados pela Deso que n\u00e3o haveria condi\u00e7\u00e3o de atend\u00ea-los na regi\u00e3o. O governador Marcelo D\u00e9da (PT)\u00a0 rebateu algumas cr\u00edticas. \u201cO Governo do Estado est\u00e1 duplicando o volume de \u00e1gua oferecido, por exemplo, \u00e0 Atalaia Nova. O que n\u00e3o podemos \u00e9 implantar uma rede p\u00fablica de \u00e1gua em um condom\u00ednio privado. \u00c9 preciso ver como foram solicitados os servi\u00e7os da Deso. A Companhia tem condi\u00e7\u00f5es de oferecer os seus servi\u00e7os n\u00e3o apenas para empreendimentos imobili\u00e1rios, mas tamb\u00e9m para ind\u00fastrias e toda e qualquer alternativa que venha para Sergipe oferecer emprego e desenvolvimento\u201d.<\/p>\n<p style=\"text-align: justify;\">Em contrapartida, oposi\u00e7\u00e3o alega que, at\u00e9 cinco ou seis anos atr\u00e1s, a Deso tinha estrutura bem maior que a atual. Para o governador, esse discurso n\u00e3o tem embasamento. \u201cNesse per\u00edodo, a Deso estava ocupada por policiais federais, fiscais da Controladoria Geral da Uni\u00e3o (CGU), membros do Minist\u00e9rio P\u00fablico Federal (MPF) e fiscais do Tribunal de Contas para apurar a chamada \u201cOpera\u00e7\u00e3o Navalha\u201d. Hoje a Companhia enfrenta dificuldades, porque foi encontrada numa situa\u00e7\u00e3o dram\u00e1tica, mas a empresa tem conseguido cumprir o seu papel\u201d, afirma.<\/p>\n<p style=\"text-align: justify;\"><strong>Projetos<\/strong><\/p>\n<p style=\"text-align: justify;\">De acordo com o governador, a Barra dos Coqueiros tem, na parte urbana, 100% do esgotamento implantado e o sistema de tratamento em fase de testes. Al\u00e9m disso, novos contratos foram firmados na \u00e1rea de saneamento urbano. \u201cS\u00e3o R$ 40 milh\u00f5es para a implanta\u00e7\u00e3o da rede de esgoto na Aruana, R$ 12 milh\u00f5es para implanta\u00e7\u00e3o na Praia do Saco e outros investimentos que ser\u00e3o realizados ao longo desse ano na \u00e1rea de saneamento b\u00e1sico\u201d, revela.<\/p>\n<p style=\"text-align: justify;\"><strong>Elei\u00e7\u00f5es 2012<\/strong><\/p>\n<p style=\"text-align: justify;\">Questionado sobre quando ser\u00e1 divulgado o nome que ser\u00e1 apoiado pelo Partido dos Trabalhadores (PT) em 2012, D\u00e9da diz que est\u00e1 agindo com cautela. \u201cEu n\u00e3o vou bater o martelo. Primeiro vou me posicionar dentro do partido e, nos pr\u00f3ximos dias, apresentaremos o nome do pr\u00e9-candidato e o colocaremos \u00e0 disposi\u00e7\u00e3o dos partidos aliados. No momento do encontro vou levantar meu crach\u00e1 e defenderei a pessoa mais vi\u00e1vel. No entanto, defendo a tese de que o Prefeito Edvaldo Nogueira (PCdoB) deve ser o grande coordenador da sua sucess\u00e3o\u201d, salienta.<\/p>\n<p style=\"text-align: justify;\">Para o governador, o partido tem condi\u00e7\u00f5es de criar uma forte coliga\u00e7\u00e3o e lan\u00e7ar um candidato competitivo. \u201cN\u00e3o somos profetas para adivinhar o que vai acontecer nos pr\u00f3ximos tr\u00eas ou quatro meses, mas acredito que uma candidatura com essas caracter\u00edsticas disputa para vencer. Caso haja divis\u00f5es, correremos muitos riscos. O primeiro deles \u00e9 brigar dentro da coliga\u00e7\u00e3o e criar problemas para um poss\u00edvel segundo turno. Enfrentar Dr. Jo\u00e3o Alves (DEM) no segundo turno ou no primeiro \u00e9 o mesmo problema, s\u00f3 muda a data. Se temos de enfrent\u00e1-lo, assim faremos\u201d, afirma. Segundo Marcelo D\u00e9da, a elei\u00e7\u00e3o desse ano ser\u00e1 dura. \u201cN\u00e3o subestimo a for\u00e7a do advers\u00e1rio. Tive a oportunidade de enfrentar Jo\u00e3o duas vezes e fui vitorioso, mas reconhe\u00e7o que ele \u00e9 um l\u00edder forte e n\u00f3s precisamos estar preparados e elaborar um projeto de governo s\u00e9rio, de continuidade ativa. N\u00e3o podemos cometer erros\u201d, adverte.<\/p>\n<p style=\"text-align: justify;\">Para D\u00e9da, h\u00e1 possibilidade de uni\u00e3o entre os partidos, embora o PSC e o PSB estejam estimulados a lan\u00e7ar candidatura. \u201cN\u00e3o vejo isso com preocupa\u00e7\u00e3o ou preconceito. Os partidos pol\u00edticos t\u00eam o dever de se preparar. Por\u00e9m, ser\u00e1 um equ\u00edvoco se cada um lan\u00e7ar seu candidato e virar as costas para o outro. N\u00e3o podemos nos precipitar nem impedir os partidos de lan\u00e7arem nomes. Tenho trabalhado para que o interesse coletivo seja mais importante que os interesses pessoais\u201d, ressalta. Em rela\u00e7\u00e3o \u00e0s especula\u00e7\u00f5es sobre reformula\u00e7\u00e3o no secretariado, o governador desmente qualquer decis\u00e3o, pois, at\u00e9 agora, nada ficou definido.<\/p>\n<p style=\"text-align: justify;\"><strong>Avalia\u00e7\u00e3o<\/strong><\/p>\n<p style=\"text-align: justify;\">De acordo com o governador, em pesquisa realizada no ano passado, ele obteve excelentes n\u00fameros no interior, mas obteve menor avalia\u00e7\u00e3o em Aracaju. \u201cIsso significa que devemos trabalhar muito na capital, discutindo com a sociedade, mostrando nosso trabalho e convencendo a popula\u00e7\u00e3o da inten\u00e7\u00e3o do nosso projeto e dos benef\u00edcios conquistados. Na \u00faltima elei\u00e7\u00e3o, n\u00f3s perdemos em Aracaju e precisamos ter um trabalho redobrado. Para isso \u00e9 preciso responsabilidade, compromisso e, acima de tudo, uni\u00e3o\u201d, finaliza.<\/p>\n<p style=\"text-align: justify;\">por LAYS MILLENA<\/p>\n","protected":false},"excerpt":{"rendered":"<p>Na manh\u00e3 dessa quarta-feira (1), durante o Jornal da Manh\u00e3, apresentado pelos jornalistas Andr\u00e9 Barros e Rosalvo Nogueira, foi exibida uma entrevista especial com o governador Marcelo D\u00e9da (PT), que falou sobre diversos assuntos. De acordo com o governador, os grandes investimentos realizados na capital n\u00e3o t\u00eam a ver com campanha. \u201cAlguns investimentos que eu [&hellip;]<\/p>\n","protected":false},"author":3,"featured_media":20832,"comment_status":"closed","ping_status":"closed","sticky":false,"template":"","format":"standard","meta":{"footnotes":""},"categories":[6],"tags":[],"class_list":{"0":"post-23635","1":"post","2":"type-post","3":"status-publish","4":"format-standard","5":"has-post-thumbnail","7":"category-politica"},"_links":{"self":[{"href":"https:\/\/senoticias.com.br\/se\/wp-json\/wp\/v2\/posts\/23635"}],"collection":[{"href":"https:\/\/senoticias.com.br\/se\/wp-json\/wp\/v2\/posts"}],"about":[{"href":"https:\/\/senoticias.com.br\/se\/wp-json\/wp\/v2\/types\/post"}],"author":[{"embeddable":true,"href":"https:\/\/senoticias.com.br\/se\/wp-json\/wp\/v2\/users\/3"}],"replies":[{"embeddable":true,"href":"https:\/\/senoticias.com.br\/se\/wp-json\/wp\/v2\/comments?post=23635"}],"version-history":[{"count":0,"href":"https:\/\/senoticias.com.br\/se\/wp-json\/wp\/v2\/posts\/23635\/revisions"}],"wp:featuredmedia":[{"embeddable":true,"href":"https:\/\/senoticias.com.br\/se\/wp-json\/wp\/v2\/media\/20832"}],"wp:attachment":[{"href":"https:\/\/senoticias.com.br\/se\/wp-json\/wp\/v2\/media?parent=23635"}],"wp:term":[{"taxonomy":"category","embeddable":true,"href":"https:\/\/senoticias.com.br\/se\/wp-json\/wp\/v2\/categories?post=23635"},{"taxonomy":"post_tag","embeddable":true,"href":"https:\/\/senoticias.com.br\/se\/wp-json\/wp\/v2\/tags?post=23635"}],"curies":[{"name":"wp","href":"https:\/\/api.w.org\/{rel}","templated":true}]}}