{"id":23626,"date":"2012-02-01T15:55:04","date_gmt":"2012-02-01T18:55:04","guid":{"rendered":"http:\/\/senoticias.com.br\/se\/?p=23626"},"modified":"2012-02-01T15:55:29","modified_gmt":"2012-02-01T18:55:29","slug":"sabrina-sato-ja-perdeu-tres-quilos-para-o-carnaval-e-revela-como-ate-me-sentir-satisfeita","status":"publish","type":"post","link":"https:\/\/senoticias.com.br\/se\/sabrina-sato-ja-perdeu-tres-quilos-para-o-carnaval-e-revela-como-ate-me-sentir-satisfeita\/","title":{"rendered":"Sabrina Sato j\u00e1 perdeu tr\u00eas quilos para o Carnaval e revela: &#8220;Como at\u00e9 me sentir satisfeita&#8221;"},"content":{"rendered":"<p style=\"text-align: justify;\">Em ensaio para a pr\u00f3xima edi\u00e7\u00e3o da revista Corpo a Corpo, a apresentadora Sabrina Sato exibiu sua silhueta e mostrou estar preparada para o Carnaval. Ela, que estar\u00e1 \u00e0 frente de duas baterias de escolas de samba, revelou ter emagrecido tr\u00eas quilos para n\u00e3o fazer feio durante os desfiles.<\/p>\n<div id=\"attachment_23627\" style=\"width: 340px\" class=\"wp-caption aligncenter\"><a href=\"http:\/\/senoticias.com.br\/se\/wp-content\/uploads\/2012\/02\/307066-630x495.jpg\"><img loading=\"lazy\" decoding=\"async\" aria-describedby=\"caption-attachment-23627\" class=\"size-full wp-image-23627\" title=\"307066-630x495\" src=\"http:\/\/senoticias.com.br\/se\/wp-content\/uploads\/2012\/02\/307066-630x495.jpg\" alt=\"\" width=\"330\" height=\"495\" srcset=\"https:\/\/senoticias.com.br\/se\/wp-content\/uploads\/2012\/02\/307066-630x495.jpg 330w, https:\/\/senoticias.com.br\/se\/wp-content\/uploads\/2012\/02\/307066-630x495-200x300.jpg 200w, https:\/\/senoticias.com.br\/se\/wp-content\/uploads\/2012\/02\/307066-630x495-300x450.jpg 300w\" sizes=\"(max-width: 330px) 100vw, 330px\" \/><\/a><p id=\"caption-attachment-23627\" class=\"wp-caption-text\">Sabrina Sato em ensaio para a revista &quot;Corpo a Corpo&quot;. (Divulga\u00e7\u00e3o)<\/p><\/div>\n<p style=\"text-align: justify;\">\u201cMesmo agora, me preparando para o carnaval, eu sei o que devo comer e do que preciso abrir m\u00e3o. Na minha refei\u00e7\u00e3o n\u00e3o tem essa de contar as colheres de sopa de arroz, as conchas de feij\u00e3o, nada disso. Como at\u00e9 me sentir satisfeita\u201d, afirmou.<\/p>\n<p style=\"text-align: justify;\">A artista, que completa 31 anos no pr\u00f3ximo s\u00e1bado (04), contou que tem levado mais a s\u00e9rio a malha\u00e7\u00e3o para ag\u00fcentar o ritmo dos desfiles. Sabrina disse que vai \u00e0 academia tr\u00eas vezes por semana. \u201cO n\u00famero de ensaios aumentou e, mesmo estando mais sequinha, n\u00e3o adianta: preciso estar tonificada e com pique para aguentar a jornada dupla\u201d, explicou.<\/p>\n<p style=\"text-align: justify;\">Virgula UOL<\/p>\n","protected":false},"excerpt":{"rendered":"<p>Em ensaio para a pr\u00f3xima edi\u00e7\u00e3o da revista Corpo a Corpo, a apresentadora Sabrina Sato exibiu sua silhueta e mostrou estar preparada para o Carnaval. Ela, que estar\u00e1 \u00e0 frente de duas baterias de escolas de samba, revelou ter emagrecido tr\u00eas quilos para n\u00e3o fazer feio durante os desfiles. \u201cMesmo agora, me preparando para o [&hellip;]<\/p>\n","protected":false},"author":3,"featured_media":23627,"comment_status":"closed","ping_status":"closed","sticky":false,"template":"","format":"standard","meta":{"footnotes":""},"categories":[22],"tags":[],"class_list":{"0":"post-23626","1":"post","2":"type-post","3":"status-publish","4":"format-standard","5":"has-post-thumbnail","7":"category-famosos"},"_links":{"self":[{"href":"https:\/\/senoticias.com.br\/se\/wp-json\/wp\/v2\/posts\/23626"}],"collection":[{"href":"https:\/\/senoticias.com.br\/se\/wp-json\/wp\/v2\/posts"}],"about":[{"href":"https:\/\/senoticias.com.br\/se\/wp-json\/wp\/v2\/types\/post"}],"author":[{"embeddable":true,"href":"https:\/\/senoticias.com.br\/se\/wp-json\/wp\/v2\/users\/3"}],"replies":[{"embeddable":true,"href":"https:\/\/senoticias.com.br\/se\/wp-json\/wp\/v2\/comments?post=23626"}],"version-history":[{"count":0,"href":"https:\/\/senoticias.com.br\/se\/wp-json\/wp\/v2\/posts\/23626\/revisions"}],"wp:featuredmedia":[{"embeddable":true,"href":"https:\/\/senoticias.com.br\/se\/wp-json\/wp\/v2\/media\/23627"}],"wp:attachment":[{"href":"https:\/\/senoticias.com.br\/se\/wp-json\/wp\/v2\/media?parent=23626"}],"wp:term":[{"taxonomy":"category","embeddable":true,"href":"https:\/\/senoticias.com.br\/se\/wp-json\/wp\/v2\/categories?post=23626"},{"taxonomy":"post_tag","embeddable":true,"href":"https:\/\/senoticias.com.br\/se\/wp-json\/wp\/v2\/tags?post=23626"}],"curies":[{"name":"wp","href":"https:\/\/api.w.org\/{rel}","templated":true}]}}