{"id":23607,"date":"2012-02-01T13:17:06","date_gmt":"2012-02-01T16:17:06","guid":{"rendered":"http:\/\/senoticias.com.br\/se\/?p=23607"},"modified":"2012-02-01T13:17:19","modified_gmt":"2012-02-01T16:17:19","slug":"pm-prende-homem-portando-pistola-em-frente-a-residencia-de-um-policial","status":"publish","type":"post","link":"https:\/\/senoticias.com.br\/se\/pm-prende-homem-portando-pistola-em-frente-a-residencia-de-um-policial\/","title":{"rendered":"PM prende homem portando pistola em frente \u00e0 resid\u00eancia de um policial"},"content":{"rendered":"<p style=\"text-align: justify;\"><a href=\"http:\/\/senoticias.com.br\/se\/wp-content\/uploads\/2012\/01\/RP.jpg\"><img loading=\"lazy\" decoding=\"async\" class=\"alignleft size-full wp-image-23271\" title=\"RP\" src=\"http:\/\/senoticias.com.br\/se\/wp-content\/uploads\/2012\/01\/RP.jpg\" alt=\"\" width=\"259\" height=\"194\" srcset=\"https:\/\/senoticias.com.br\/se\/wp-content\/uploads\/2012\/01\/RP.jpg 259w, https:\/\/senoticias.com.br\/se\/wp-content\/uploads\/2012\/01\/RP-60x45.jpg 60w, https:\/\/senoticias.com.br\/se\/wp-content\/uploads\/2012\/01\/RP-150x113.jpg 150w\" sizes=\"(max-width: 259px) 100vw, 259px\" \/><\/a>A Pol\u00edcia Militar, atrav\u00e9s da Companhia de Pol\u00edcia de Radiopatrulha (CPRp), prendeu na manh\u00e3 desta quarta-feira, 1\u00ba, Aleison Alves dos Santos, 32 anos, suspeito de portar ilegalmente uma pistola 765 no Loteamento Rosa Maria, bairro Rosa Elze, em S\u00e3o Crist\u00f3v\u00e3o.<\/p>\n<p style=\"text-align: justify;\">A a\u00e7\u00e3o aconteceu quando uma guarni\u00e7\u00e3o comandada pelo sargento Reinaldo foi acionada por um outro PM. \u201cNosso colega informou que estava observando uma atitude suspeita por parte de um homem que estava em uma caminhonete S10 parado em frente \u00e0 resid\u00eancia dele. Fomos ao local para dar apoio\u201d, explicou o sargento.<\/p>\n<p style=\"text-align: justify;\">Durante a abordagem, Aleison foi preso por estar portando uma pistola 765. Ao ser questionado pela PM sobre o que fazia parado naquele local, o suspeito informou que seu carro estava quebrado. \u201cComprovamos que o ve\u00edculo dele estava mesmo com problemas. Ent\u00e3o ele foi encaminhado \u00e0 6\u00aa Delegacia Metropolitana e o carro foi guinchado\u201d, concluiu o policial da Radiopatrulha.<\/p>\n","protected":false},"excerpt":{"rendered":"<p>A Pol\u00edcia Militar, atrav\u00e9s da Companhia de Pol\u00edcia de Radiopatrulha (CPRp), prendeu na manh\u00e3 desta quarta-feira, 1\u00ba, Aleison Alves dos Santos, 32 anos, suspeito de portar ilegalmente uma pistola 765 no Loteamento Rosa Maria, bairro Rosa Elze, em S\u00e3o Crist\u00f3v\u00e3o. A a\u00e7\u00e3o aconteceu quando uma guarni\u00e7\u00e3o comandada pelo sargento Reinaldo foi acionada por um outro [&hellip;]<\/p>\n","protected":false},"author":2,"featured_media":23271,"comment_status":"closed","ping_status":"closed","sticky":false,"template":"","format":"standard","meta":{"footnotes":""},"categories":[7],"tags":[],"class_list":{"0":"post-23607","1":"post","2":"type-post","3":"status-publish","4":"format-standard","5":"has-post-thumbnail","7":"category-policia"},"_links":{"self":[{"href":"https:\/\/senoticias.com.br\/se\/wp-json\/wp\/v2\/posts\/23607"}],"collection":[{"href":"https:\/\/senoticias.com.br\/se\/wp-json\/wp\/v2\/posts"}],"about":[{"href":"https:\/\/senoticias.com.br\/se\/wp-json\/wp\/v2\/types\/post"}],"author":[{"embeddable":true,"href":"https:\/\/senoticias.com.br\/se\/wp-json\/wp\/v2\/users\/2"}],"replies":[{"embeddable":true,"href":"https:\/\/senoticias.com.br\/se\/wp-json\/wp\/v2\/comments?post=23607"}],"version-history":[{"count":0,"href":"https:\/\/senoticias.com.br\/se\/wp-json\/wp\/v2\/posts\/23607\/revisions"}],"wp:featuredmedia":[{"embeddable":true,"href":"https:\/\/senoticias.com.br\/se\/wp-json\/wp\/v2\/media\/23271"}],"wp:attachment":[{"href":"https:\/\/senoticias.com.br\/se\/wp-json\/wp\/v2\/media?parent=23607"}],"wp:term":[{"taxonomy":"category","embeddable":true,"href":"https:\/\/senoticias.com.br\/se\/wp-json\/wp\/v2\/categories?post=23607"},{"taxonomy":"post_tag","embeddable":true,"href":"https:\/\/senoticias.com.br\/se\/wp-json\/wp\/v2\/tags?post=23607"}],"curies":[{"name":"wp","href":"https:\/\/api.w.org\/{rel}","templated":true}]}}