{"id":23564,"date":"2012-02-01T08:10:46","date_gmt":"2012-02-01T11:10:46","guid":{"rendered":"http:\/\/senoticias.com.br\/se\/?p=23564"},"modified":"2012-02-01T20:53:57","modified_gmt":"2012-02-01T23:53:57","slug":"governador-marcelo-deda-lamenta-o-falecimento-de-seixas-doria","status":"publish","type":"post","link":"https:\/\/senoticias.com.br\/se\/governador-marcelo-deda-lamenta-o-falecimento-de-seixas-doria\/","title":{"rendered":"Governador Marcelo D\u00e9da lamenta o falecimento de Seixas D\u00f3ria"},"content":{"rendered":"<p style=\"text-align: justify;\"><a href=\"http:\/\/senoticias.com.br\/se\/wp-content\/uploads\/2012\/02\/festaseixas23021.jpg\"><img loading=\"lazy\" decoding=\"async\" class=\"alignleft size-medium wp-image-23565\" title=\"festaseixas23021\" src=\"http:\/\/senoticias.com.br\/se\/wp-content\/uploads\/2012\/02\/festaseixas23021-300x198.jpg\" alt=\"\" width=\"300\" height=\"198\" srcset=\"https:\/\/senoticias.com.br\/se\/wp-content\/uploads\/2012\/02\/festaseixas23021-300x198.jpg 300w, https:\/\/senoticias.com.br\/se\/wp-content\/uploads\/2012\/02\/festaseixas23021-342x226.jpg 342w, https:\/\/senoticias.com.br\/se\/wp-content\/uploads\/2012\/02\/festaseixas23021.jpg 800w\" sizes=\"(max-width: 300px) 100vw, 300px\" \/><\/a>O governador de Sergipe, Marcelo D\u00e9da, lamentou o falecimento do ex-governador Seixas D\u00f3ria, ocorrido no in\u00edcio da noite desta ter\u00e7a-feira, 31. Via twitter, Marcelo D\u00e9da prestou suas condol\u00eancias \u00e0 fam\u00edlia e decretou Luto Oficial de sete dias, assegurando todas as honrarias de estilo no funeral do ex-chefe do executivo estadual. O corpo de Seixas D\u00f3ria ser\u00e1 velado no Pal\u00e1cio Ol\u00edmpio Campos. Aos 94 anos, ele lutava pela vida desde que sofreu um acidente Vascular Cerebral h\u00e1 um ano.<\/p>\n<p style=\"text-align: justify;\">Em meio \u00e0s frases de pesar, Marcelo D\u00e9da fez quest\u00e3o de evidenciar, sobretudo, a grandeza do ex-governador que ajudou a redemocratizar o Brasil e tornar-se um dos principais nomes pol\u00edticos do pa\u00eds \u2013 sendo dignamente reconhecido com a maior comenda da Rep\u00fablica, entregue pelo ex-presidente da Rep\u00fablica,<a href=\"   http:\/\/www.agencia.se.gov.br\/noticias\/leitura\/materia:2677\" target=\"_blank\"><strong> Luiz In\u00e1cio Lula da Silva, em 2007.<\/strong><\/a><\/p>\n<p style=\"text-align: justify;\">\u201c\u00c0 fam\u00edlia Seixas D\u00f3ria, os meus sentimentos. Que a grandeza da sua hist\u00f3ria e a beleza do seu exemplo sirvam de conforto para sua aus\u00eancia. Seixas D\u00f3ria foi um grande brasileiro. Nacionalista, democrata, foi governador de Sergipe, cassado e preso pela Ditadura em 1964. No PMDB, participou das lutas pela redemocratiza\u00e7\u00e3o, al\u00e9m de deputado federal, diretor da Petromisa e secret\u00e1rio de Estado. Ele foi um s\u00edmbolo da luta democr\u00e1tica, uma refer\u00eancia na defesa do Brasil, um apaixonado pelo seu querido estado de Sergipe. O corpo de Seixas D\u00f3ria ser\u00e1 velado no Pal\u00e1cio Ol\u00edmpio Campos, o mesmo de onde a Ditadura o levou preso na madrugada de 1\u00ba de abril de 1964\u201d, escreveu D\u00e9da no micro blog.<\/p>\n<p style=\"text-align: justify;\">Marcelo D\u00e9da disse ainda que teve a honra de receber o apoio de Seixas D\u00f3ria nas \u00faltimas elei\u00e7\u00f5es para governador (2006 e 2010). \u201cEmocionei-me ao v\u00ea-lo, aos 89 aos, na posse de 2007\u201d.<\/p>\n<p style=\"text-align: justify;\"><strong>*A vida de um ilustre sergipano<\/strong><\/p>\n<p style=\"text-align: justify;\">Jo\u00e3o de Seixas D\u00f3ria nasceu em 23 de fevereiro de 1917, em Propri\u00e1. Filho de Maria de Seixas D\u00f3ria e Ant\u00f4nio de Lima D\u00f3ria. Em 1946 \u00e9 formado bacharelado em Direito pela UFF em Niter\u00f3i, no Rio de Janeiro. Naquele mesmo ano, assume a Secretaria de Governo da Prefeitura de Aracaju, na gest\u00e3o de Josaf\u00e1 Carlos Borges.<\/p>\n<p style=\"text-align: justify;\">No ano de 1947, filia-se \u00e0 UDN e se candidata a deputado estadual, vencendo as elei\u00e7\u00f5es e assume a lideran\u00e7a do Partido na Assembleia. Tr\u00eas anos mais tarde, em 1950, \u00e9 reeleito para a Assembleia Legislativa e exerce a lideran\u00e7a da UDN e da oposi\u00e7\u00e3o, al\u00e9m de dirigir o extinto jornal \u2018Correio de Aracaju\u2019.<\/p>\n<p style=\"text-align: justify;\">Em 1953, apresenta os programas de r\u00e1dio \u2018Problemas em Debate\u2019 e \u2018Resenhas Pol\u00edticas\u2019, na rec\u00e9m criada R\u00e1dio Liberdade. Um ano depois, \u00e9 eleito deputado federal e apoia a candidatura de Leandro Maciel ao Governo do Estado. Em 1958 \u00e9 reeleito para a C\u00e2mara Federal e apoia a candidatura de J\u00e2nio Quadros \u00e0 presid\u00eancia, chegando a indicar Leandro Maciel a vice.<\/p>\n<p style=\"text-align: justify;\">Em 1962 \u00e9 eleito governador de Sergipe, disputando as elei\u00e7\u00f5es com Leandro Maciel. Em 13 de mar\u00e7o de 1964, participa do Com\u00edcio da Central do Brasil e em 1\u00ba de abril \u00e9 preso ap\u00f3s a implanta\u00e7\u00e3o do regime militar e mandado para Fernando de Noronha, juntamente com Miguel Arraes, governador de Pernambuco.<\/p>\n<p style=\"text-align: justify;\">No ano de 1965 lan\u00e7a o livro &#8216;Eu, r\u00e9u sem crime&#8217;, contando a sua hist\u00f3ria na pris\u00e3o, mas \u00e9 impedido pelo Governo de realizar a noite de aut\u00f3grafos em Belo Horizonte. Em 1966, volta a Sergipe, por\u00e9m com seus direitos pol\u00edticos cassados por 10 anos. Sobrevive administrando os neg\u00f3cios da fam\u00edlia.<\/p>\n<p style=\"text-align: justify;\">Em 1982, se candidata a deputado federal pelo PMDB, mas fica na supl\u00eancia. Chega a assumir o cargo, mas por pouco tempo. J\u00e1 em 1986, no governo Jos\u00e9 Sarney, assume o cargo de Assessor Especial da Presid\u00eancia. Se engaja na candidatura de Jos\u00e9 Carlos Teixeira ao governo de Sergipe.<\/p>\n<p style=\"text-align: justify;\">Em 2006, apoia publicamente a candidatura de Marcelo D\u00e9da a governador, que acaba vitorioso.<\/p>\n<p style=\"text-align: justify;\">*Fonte: BARRETO, Luiz Antonio; Personalidades Sergipanas, 2006, p. 143 a 151<\/p>\n","protected":false},"excerpt":{"rendered":"<p>O governador de Sergipe, Marcelo D\u00e9da, lamentou o falecimento do ex-governador Seixas D\u00f3ria, ocorrido no in\u00edcio da noite desta ter\u00e7a-feira, 31. Via twitter, Marcelo D\u00e9da prestou suas condol\u00eancias \u00e0 fam\u00edlia e decretou Luto Oficial de sete dias, assegurando todas as honrarias de estilo no funeral do ex-chefe do executivo estadual. O corpo de Seixas D\u00f3ria [&hellip;]<\/p>\n","protected":false},"author":3,"featured_media":23565,"comment_status":"closed","ping_status":"closed","sticky":false,"template":"","format":"standard","meta":{"footnotes":""},"categories":[6],"tags":[],"class_list":{"0":"post-23564","1":"post","2":"type-post","3":"status-publish","4":"format-standard","5":"has-post-thumbnail","7":"category-politica"},"_links":{"self":[{"href":"https:\/\/senoticias.com.br\/se\/wp-json\/wp\/v2\/posts\/23564"}],"collection":[{"href":"https:\/\/senoticias.com.br\/se\/wp-json\/wp\/v2\/posts"}],"about":[{"href":"https:\/\/senoticias.com.br\/se\/wp-json\/wp\/v2\/types\/post"}],"author":[{"embeddable":true,"href":"https:\/\/senoticias.com.br\/se\/wp-json\/wp\/v2\/users\/3"}],"replies":[{"embeddable":true,"href":"https:\/\/senoticias.com.br\/se\/wp-json\/wp\/v2\/comments?post=23564"}],"version-history":[{"count":0,"href":"https:\/\/senoticias.com.br\/se\/wp-json\/wp\/v2\/posts\/23564\/revisions"}],"wp:featuredmedia":[{"embeddable":true,"href":"https:\/\/senoticias.com.br\/se\/wp-json\/wp\/v2\/media\/23565"}],"wp:attachment":[{"href":"https:\/\/senoticias.com.br\/se\/wp-json\/wp\/v2\/media?parent=23564"}],"wp:term":[{"taxonomy":"category","embeddable":true,"href":"https:\/\/senoticias.com.br\/se\/wp-json\/wp\/v2\/categories?post=23564"},{"taxonomy":"post_tag","embeddable":true,"href":"https:\/\/senoticias.com.br\/se\/wp-json\/wp\/v2\/tags?post=23564"}],"curies":[{"name":"wp","href":"https:\/\/api.w.org\/{rel}","templated":true}]}}