{"id":23557,"date":"2012-02-01T07:25:36","date_gmt":"2012-02-01T10:25:36","guid":{"rendered":"http:\/\/senoticias.com.br\/se\/?p=23557"},"modified":"2012-02-02T10:45:32","modified_gmt":"2012-02-02T13:45:32","slug":"empresa-cria-cuelcinha-a-calcinha-para-homens","status":"publish","type":"post","link":"https:\/\/senoticias.com.br\/se\/empresa-cria-cuelcinha-a-calcinha-para-homens\/","title":{"rendered":"Empresa cria &#8216;cuelcinha&#8217;, a calcinha para homens"},"content":{"rendered":"<p><span style=\"color: #333333;\"><strong>Empresa aposta no p\u00fablico gay e cria &#8216;cuelcinha&#8217;, a calcinha para homens<\/strong><\/span><\/p>\n<div id=\"attachment_23558\" style=\"width: 259px\" class=\"wp-caption alignleft\"><a href=\"http:\/\/senoticias.com.br\/se\/wp-content\/uploads\/2012\/02\/Calcinha.jpg\"><img loading=\"lazy\" decoding=\"async\" aria-describedby=\"caption-attachment-23558\" class=\"size-full wp-image-23558\" title=\"Calcinha\" src=\"http:\/\/senoticias.com.br\/se\/wp-content\/uploads\/2012\/02\/Calcinha.jpg\" alt=\"\" width=\"249\" height=\"187\" srcset=\"https:\/\/senoticias.com.br\/se\/wp-content\/uploads\/2012\/02\/Calcinha.jpg 249w, https:\/\/senoticias.com.br\/se\/wp-content\/uploads\/2012\/02\/Calcinha-60x45.jpg 60w, https:\/\/senoticias.com.br\/se\/wp-content\/uploads\/2012\/02\/Calcinha-150x113.jpg 150w\" sizes=\"(max-width: 249px) 100vw, 249px\" \/><\/a><p id=\"caption-attachment-23558\" class=\"wp-caption-text\">Jovem come\u00e7ou a desenhar e vender lingerie masculina com ajuda dos pais. Marca quer atender fil\u00e3o pouco explorado no Brasil, diz empres\u00e1ria. (Foto: Divulga\u00e7\u00e3o)<\/p><\/div>\n<p style=\"text-align: justify;\">Foi para presentear um amigo que a jovem estilista Beatriz Rouce, 21 anos, fabricou sua primeira pe\u00e7a de lingerie masculina. &#8220;Eu tenho v\u00e1rios amigos homossexuais, e um dia um comentou que seria interessante se houvesse um produto como esse&#8221;, conta a empres\u00e1ria de Americana, no interior de S\u00e3o Paulo.<\/p>\n<p style=\"text-align: justify;\">&#8220;Ele gostou, mais amigos pediram, e eu abracei a ideia&#8221;, diz Beatriz, que viu no interesse do amigo uma oportunidade de se especializar e abrir a pr\u00f3pria empresa.<\/p>\n<p style=\"text-align: justify;\">Nasceram da\u00ed as &#8220;cuelcinhas&#8221; (de cueca + calcinha), batizadas assim por serem criadas para se adequarem \u00e0 anatomia do homem, mas com todos os babados, rendas e delicadezas das tradicionais lingeries femininas. Hoje, ela contabiliza a venda de cerca de 50 pe\u00e7as por dia, confeccionadas por uma empresa de costura terceirizada. \u00c9 dela, no entanto, a escolha dos desenhos, tecidos, aviamentos, acabamentos e moldes de toda a produ\u00e7\u00e3o.<\/p>\n<p style=\"text-align: justify;\">O empreendimento contou com o total apoio dos pais de Beatriz. Donos h\u00e1 23 anos de uma metal\u00fargica na cidade, eles financiaram a abertura, em outubro do ano passado, da Comum de Dois, empresa criada para a filha. Hoje, a m\u00e3e de Beatriz cuida tamb\u00e9m da administra\u00e7\u00e3o da empresa ao lado de seu outro filho, Rodrigo, que \u00e9 respons\u00e1vel pelos estoques, log\u00edstica, emiss\u00e3o de notas fiscais e envio da mercadoria aos clientes.<\/p>\n<p style=\"text-align: justify;\">&#8220;Meus pais viram uma oportunidade de crescimento e resolveram investir&#8221;. Abriram um site na internet, procuraram quem fabricasse as pe\u00e7as e j\u00e1 come\u00e7aram a receber pedidos e encomendas. As vendas acontecem por Skype e MSN e os produtos s\u00e3o entregues pelos Correios &#8211; tudo com a m\u00e1xima discri\u00e7\u00e3o, garante a empres\u00e1ria. Os pre\u00e7os variam de R$ 40 a R$ 55.<\/p>\n<p style=\"text-align: justify;\">A rea\u00e7\u00e3o ao lan\u00e7amento da marca, conta Beatriz, foi imediata &#8211; tanto dos consumidores quanto dos cr\u00edticos. Nas primeiras semanas, a &#8220;cuelcinha&#8221; repercutiu nas redes sociais e o site chegou a cair por conta do alto e inesperado n\u00famero de acessos. &#8220;N\u00e3o precisamos nem fazer propaganda. Logo j\u00e1 est\u00e1vamos em blogs e recebendo muitos coment\u00e1rios&#8221;, conta a estilista.<\/p>\n<p><a href=\"  http:\/\/www.radioitajuba.com.br\/index.php?conteudo=noticias&amp;noticias=4481\" target=\"_blank\"><strong>Fonte: radioitajuba<\/strong><\/a><\/p>\n","protected":false},"excerpt":{"rendered":"<p>Empresa aposta no p\u00fablico gay e cria &#8216;cuelcinha&#8217;, a calcinha para homens Foi para presentear um amigo que a jovem estilista Beatriz Rouce, 21 anos, fabricou sua primeira pe\u00e7a de lingerie masculina. &#8220;Eu tenho v\u00e1rios amigos homossexuais, e um dia um comentou que seria interessante se houvesse um produto como esse&#8221;, conta a empres\u00e1ria de [&hellip;]<\/p>\n","protected":false},"author":3,"featured_media":23558,"comment_status":"closed","ping_status":"closed","sticky":false,"template":"","format":"standard","meta":{"footnotes":""},"categories":[22],"tags":[231],"class_list":{"0":"post-23557","1":"post","2":"type-post","3":"status-publish","4":"format-standard","5":"has-post-thumbnail","7":"category-famosos","8":"tag-cuelcinha-para-homens"},"_links":{"self":[{"href":"https:\/\/senoticias.com.br\/se\/wp-json\/wp\/v2\/posts\/23557"}],"collection":[{"href":"https:\/\/senoticias.com.br\/se\/wp-json\/wp\/v2\/posts"}],"about":[{"href":"https:\/\/senoticias.com.br\/se\/wp-json\/wp\/v2\/types\/post"}],"author":[{"embeddable":true,"href":"https:\/\/senoticias.com.br\/se\/wp-json\/wp\/v2\/users\/3"}],"replies":[{"embeddable":true,"href":"https:\/\/senoticias.com.br\/se\/wp-json\/wp\/v2\/comments?post=23557"}],"version-history":[{"count":0,"href":"https:\/\/senoticias.com.br\/se\/wp-json\/wp\/v2\/posts\/23557\/revisions"}],"wp:featuredmedia":[{"embeddable":true,"href":"https:\/\/senoticias.com.br\/se\/wp-json\/wp\/v2\/media\/23558"}],"wp:attachment":[{"href":"https:\/\/senoticias.com.br\/se\/wp-json\/wp\/v2\/media?parent=23557"}],"wp:term":[{"taxonomy":"category","embeddable":true,"href":"https:\/\/senoticias.com.br\/se\/wp-json\/wp\/v2\/categories?post=23557"},{"taxonomy":"post_tag","embeddable":true,"href":"https:\/\/senoticias.com.br\/se\/wp-json\/wp\/v2\/tags?post=23557"}],"curies":[{"name":"wp","href":"https:\/\/api.w.org\/{rel}","templated":true}]}}