{"id":23549,"date":"2012-01-31T22:46:50","date_gmt":"2012-02-01T01:46:50","guid":{"rendered":"http:\/\/senoticias.com.br\/se\/?p=23549"},"modified":"2012-09-25T03:14:48","modified_gmt":"2012-09-25T06:14:48","slug":"jackson-emite-nota-publica-lembrando-seixas-doria","status":"publish","type":"post","link":"https:\/\/senoticias.com.br\/se\/jackson-emite-nota-publica-lembrando-seixas-doria\/","title":{"rendered":"Jackson emite nota p\u00fablica lembrando Seixas D\u00f3ria"},"content":{"rendered":"<p style=\"text-align: center;\"><strong>NOTA P\u00daBLICA<\/strong><\/p>\n<p style=\"text-align: center;\">\n<p style=\"text-align: center;\"><strong>\u201cEleitores da capital, eleitores do interior<\/strong><br \/>\n<strong>Vamos votar em Seixas D\u00f3ria para governador<\/strong><br \/>\n<strong>Escolhido pelo povo que deseja mudar<\/strong><br \/>\n<strong>Elejamos Seixas D\u00f3ria e vamos festejar\u201d<\/strong><\/p>\n<div id=\"attachment_23550\" style=\"width: 287px\" class=\"wp-caption alignleft\"><a href=\"http:\/\/senoticias.com.br\/se\/wp-content\/uploads\/2012\/01\/Jackson-Barreto.jpg\"><img loading=\"lazy\" decoding=\"async\" aria-describedby=\"caption-attachment-23550\" class=\"size-full wp-image-23550\" title=\"Jackson Barreto\" src=\"http:\/\/senoticias.com.br\/se\/wp-content\/uploads\/2012\/01\/Jackson-Barreto.jpg\" alt=\"\" width=\"277\" height=\"182\" \/><\/a><p id=\"caption-attachment-23550\" class=\"wp-caption-text\">Jackson emite nota p\u00fablica lembrando Seixas D\u00f3ria.(Foto: Divulga\u00e7\u00e3o)<\/p><\/div>\n<p style=\"text-align: justify;\">A m\u00fasica acima incendiou a campanha eleitoral de 1962. Quando ela tocava, Sergipe se levantava. Seixas D\u00f3rea ganhou aquela elei\u00e7\u00e3o com dez mil votos de diferen\u00e7a, enfrentando Leandro Maciel. Ainda muito garoto, curioso, participei desta campanha. Na festa de 90 anos de Seixas, fiz uma surpresa, cantando esses versos. Por isso fui tomado pela emo\u00e7\u00e3o, quando chegando de Po\u00e7o Redondo, fui informado da morte do nosso Seixas D\u00f3rea.<\/p>\n<p style=\"text-align: justify;\">Foi uma grande perda, a hist\u00f3ria do nosso Estado ficou mais pobre. Aquela campanha de 62 foi a mais vigorosa que conheci na minha juventude. A campanha de Seixas levantou Sergipe, do ponto de vista da dignidade do nosso povo, que andava com a auto-estima baixa.<\/p>\n<p style=\"text-align: justify;\">Do ponto de vista dos temas que foram discutidos, pela primeira vez Sergipe viu os grandes debates nacionais presentes numa campanha local. Seixas conseguiu articular um grande arco de alian\u00e7as, com setores da direita, centro e esquerda sergipana. Sua campanha foi liderada pelo ent\u00e3o prefeito da \u00e9poca, Jos\u00e9 Conrado de Ara\u00fajo, e teve intensa participa\u00e7\u00e3o popular.<\/p>\n<p style=\"text-align: justify;\">Aquela foi uma campanha que libertou Sergipe dos coron\u00e9is do atraso, da persegui\u00e7\u00e3o pessoal. Foi inaugurado com Seixas D\u00f3ria um momento novo, de uma pol\u00edtica moderna em Sergipe. Afinal, sua elei\u00e7\u00e3o foi um divisor de \u00e1guas, e a gente tinha orgulho de caminhar pelo interior, onde a viol\u00eancia era um marco.<\/p>\n<p style=\"text-align: justify;\">Fui amigo pessoal de Seixas, participei de v\u00e1rias campanhas ao lado dele, inclusive quando filiou-se ao MDB &#8211; sempre esteve ao lado das for\u00e7as democr\u00e1ticas. Sabemos que ele prestou grandes servi\u00e7os ao Estado e que foi um tribuno de m\u00e3o cheia, orador que emocionava as massas. Um homem que vivia com honestidade, seriedade e honradez.<\/p>\n<p style=\"text-align: justify;\">Fica a lembran\u00e7a do seu entusiasmo e da sua f\u00e9 pelo Brasil. Fica a sua forma\u00e7\u00e3o nacionalista, como um dos fundadores da Frente Parlamentar Nacionalista, que defendia as reformas de base, e a real independ\u00eancia do Brasil. Seixas D\u00f3rea possu\u00eda a vis\u00e3o de um Brasil como temos hoje, soberano. Quem passar pelo Pal\u00e1cio Ol\u00edmpio Campos, nunca vai esquecer que um dia pela porta da democracia e do voto direto, popular, entrou um homem que mudou a hist\u00f3ria de Sergipe. Um homem que dignificou a vida p\u00fablica.<\/p>\n<p>Descanse em paz, amigo Seixas D\u00f3ria.<\/p>\n<p><strong>Jackson Barreto<\/strong> <strong>de Lima<\/strong><br \/>\n<strong>Vice-governador de Sergipe<\/strong><\/p>\n","protected":false},"excerpt":{"rendered":"<p>NOTA P\u00daBLICA \u201cEleitores da capital, eleitores do interior Vamos votar em Seixas D\u00f3ria para governador Escolhido pelo povo que deseja mudar Elejamos Seixas D\u00f3ria e vamos festejar\u201d A m\u00fasica acima incendiou a campanha eleitoral de 1962. Quando ela tocava, Sergipe se levantava. Seixas D\u00f3rea ganhou aquela elei\u00e7\u00e3o com dez mil votos de diferen\u00e7a, enfrentando Leandro [&hellip;]<\/p>\n","protected":false},"author":3,"featured_media":23550,"comment_status":"closed","ping_status":"closed","sticky":false,"template":"","format":"standard","meta":{"footnotes":""},"categories":[6],"tags":[],"class_list":{"0":"post-23549","1":"post","2":"type-post","3":"status-publish","4":"format-standard","5":"has-post-thumbnail","7":"category-politica"},"_links":{"self":[{"href":"https:\/\/senoticias.com.br\/se\/wp-json\/wp\/v2\/posts\/23549"}],"collection":[{"href":"https:\/\/senoticias.com.br\/se\/wp-json\/wp\/v2\/posts"}],"about":[{"href":"https:\/\/senoticias.com.br\/se\/wp-json\/wp\/v2\/types\/post"}],"author":[{"embeddable":true,"href":"https:\/\/senoticias.com.br\/se\/wp-json\/wp\/v2\/users\/3"}],"replies":[{"embeddable":true,"href":"https:\/\/senoticias.com.br\/se\/wp-json\/wp\/v2\/comments?post=23549"}],"version-history":[{"count":0,"href":"https:\/\/senoticias.com.br\/se\/wp-json\/wp\/v2\/posts\/23549\/revisions"}],"wp:featuredmedia":[{"embeddable":true,"href":"https:\/\/senoticias.com.br\/se\/wp-json\/wp\/v2\/media\/23550"}],"wp:attachment":[{"href":"https:\/\/senoticias.com.br\/se\/wp-json\/wp\/v2\/media?parent=23549"}],"wp:term":[{"taxonomy":"category","embeddable":true,"href":"https:\/\/senoticias.com.br\/se\/wp-json\/wp\/v2\/categories?post=23549"},{"taxonomy":"post_tag","embeddable":true,"href":"https:\/\/senoticias.com.br\/se\/wp-json\/wp\/v2\/tags?post=23549"}],"curies":[{"name":"wp","href":"https:\/\/api.w.org\/{rel}","templated":true}]}}