{"id":23543,"date":"2012-01-31T20:21:04","date_gmt":"2012-01-31T23:21:04","guid":{"rendered":"http:\/\/senoticias.com.br\/se\/?p=23543"},"modified":"2012-09-25T03:14:48","modified_gmt":"2012-09-25T06:14:48","slug":"falece-seixas-doria-ex-governador-de-sergipe","status":"publish","type":"post","link":"https:\/\/senoticias.com.br\/se\/falece-seixas-doria-ex-governador-de-sergipe\/","title":{"rendered":"Falece Seixas D\u00f3ria, ex-governador de Sergipe"},"content":{"rendered":"<div id=\"attachment_23544\" style=\"width: 310px\" class=\"wp-caption alignleft\"><a href=\"http:\/\/senoticias.com.br\/se\/wp-content\/uploads\/2012\/01\/grande-seixas-doria-cmaXXX.jpg\"><img loading=\"lazy\" decoding=\"async\" aria-describedby=\"caption-attachment-23544\" class=\"size-medium wp-image-23544\" title=\"\" src=\"http:\/\/senoticias.com.br\/se\/wp-content\/uploads\/2012\/01\/grande-seixas-doria-cmaXXX-300x200.jpg\" alt=\"\" width=\"300\" height=\"200\" srcset=\"https:\/\/senoticias.com.br\/se\/wp-content\/uploads\/2012\/01\/grande-seixas-doria-cmaXXX-300x200.jpg 300w, https:\/\/senoticias.com.br\/se\/wp-content\/uploads\/2012\/01\/grande-seixas-doria-cmaXXX-342x228.jpg 342w, https:\/\/senoticias.com.br\/se\/wp-content\/uploads\/2012\/01\/grande-seixas-doria-cmaXXX.jpg 610w\" sizes=\"(max-width: 300px) 100vw, 300px\" \/><\/a><p id=\"caption-attachment-23544\" class=\"wp-caption-text\">Seixas D\u00f3ria (Foto: Divulga\u00e7\u00e3o)<\/p><\/div>\n<p style=\"text-align: justify;\">O ex-governador Seixas D\u00f3ria faleceu na tarde desta ter\u00e7a-feira, 31, ap\u00f3s uma complica\u00e7\u00e3o de seu estado de sa\u00fade depois de colocar uma sonda. Aos 94 anos de idade, ele lutava pela vida desde que sofreu um acidente Vascular Cerebral (AVC) h\u00e1 um ano.<\/p>\n<p style=\"text-align: justify;\">De acordo com o amigo e historiador , Luiz Ant\u00f4nio Barreto,\u00a0 ele precisou ser internado por diversas vezes ap\u00f3s este acidente e desta \u00faltima vez estava h\u00e1 uns 20 dias no hospital apresentando complica\u00e7\u00f5es respirat\u00f3rias.<\/p>\n<p style=\"text-align: justify;\"><span style=\"color: #333333;\"><strong>A informa\u00e7\u00e3o \u00e9 do Portal Infonet<\/strong><\/span><\/p>\n","protected":false},"excerpt":{"rendered":"<p>O ex-governador Seixas D\u00f3ria faleceu na tarde desta ter\u00e7a-feira, 31, ap\u00f3s uma complica\u00e7\u00e3o de seu estado de sa\u00fade depois de colocar uma sonda. Aos 94 anos de idade, ele lutava pela vida desde que sofreu um acidente Vascular Cerebral (AVC) h\u00e1 um ano. De acordo com o amigo e historiador , Luiz Ant\u00f4nio Barreto,\u00a0 ele [&hellip;]<\/p>\n","protected":false},"author":3,"featured_media":23544,"comment_status":"closed","ping_status":"closed","sticky":false,"template":"","format":"standard","meta":{"footnotes":""},"categories":[6],"tags":[],"class_list":{"0":"post-23543","1":"post","2":"type-post","3":"status-publish","4":"format-standard","5":"has-post-thumbnail","7":"category-politica"},"_links":{"self":[{"href":"https:\/\/senoticias.com.br\/se\/wp-json\/wp\/v2\/posts\/23543"}],"collection":[{"href":"https:\/\/senoticias.com.br\/se\/wp-json\/wp\/v2\/posts"}],"about":[{"href":"https:\/\/senoticias.com.br\/se\/wp-json\/wp\/v2\/types\/post"}],"author":[{"embeddable":true,"href":"https:\/\/senoticias.com.br\/se\/wp-json\/wp\/v2\/users\/3"}],"replies":[{"embeddable":true,"href":"https:\/\/senoticias.com.br\/se\/wp-json\/wp\/v2\/comments?post=23543"}],"version-history":[{"count":0,"href":"https:\/\/senoticias.com.br\/se\/wp-json\/wp\/v2\/posts\/23543\/revisions"}],"wp:featuredmedia":[{"embeddable":true,"href":"https:\/\/senoticias.com.br\/se\/wp-json\/wp\/v2\/media\/23544"}],"wp:attachment":[{"href":"https:\/\/senoticias.com.br\/se\/wp-json\/wp\/v2\/media?parent=23543"}],"wp:term":[{"taxonomy":"category","embeddable":true,"href":"https:\/\/senoticias.com.br\/se\/wp-json\/wp\/v2\/categories?post=23543"},{"taxonomy":"post_tag","embeddable":true,"href":"https:\/\/senoticias.com.br\/se\/wp-json\/wp\/v2\/tags?post=23543"}],"curies":[{"name":"wp","href":"https:\/\/api.w.org\/{rel}","templated":true}]}}