{"id":23143,"date":"2012-01-27T00:07:35","date_gmt":"2012-01-27T03:07:35","guid":{"rendered":"http:\/\/senoticias.com.br\/se\/?p=23143"},"modified":"2012-01-27T00:10:26","modified_gmt":"2012-01-27T03:10:26","slug":"festa-da-padoreira-nossa-senhora-dajuda","status":"publish","type":"post","link":"https:\/\/senoticias.com.br\/se\/festa-da-padoreira-nossa-senhora-dajuda\/","title":{"rendered":"FESTA DA PADOREIRA NOSSA SENHORA D`AJUDA"},"content":{"rendered":"<p style=\"text-align: justify;\"><a href=\"http:\/\/senoticias.com.br\/se\/wp-content\/uploads\/2012\/01\/Padre.jpg\"><img loading=\"lazy\" decoding=\"async\" class=\"alignleft size-full wp-image-23144\" title=\"Padre\" src=\"http:\/\/senoticias.com.br\/se\/wp-content\/uploads\/2012\/01\/Padre.jpg\" alt=\"\" width=\"194\" height=\"414\" srcset=\"https:\/\/senoticias.com.br\/se\/wp-content\/uploads\/2012\/01\/Padre.jpg 194w, https:\/\/senoticias.com.br\/se\/wp-content\/uploads\/2012\/01\/Padre-140x300.jpg 140w\" sizes=\"(max-width: 194px) 100vw, 194px\" \/><\/a>Padre Willams Oliveira Lima, juntamente com toda Par\u00f3quia de Nossa Senhora D\u2019Ajuda, convida Vossa Senhoria e Fam\u00edlia para participar do Noven\u00e1rio e Festa da Nossa Excelsa Padroeira. Contudo, agradecemos imensamente a vossa presen\u00e7a e participa\u00e7\u00e3o. Deus por intercess\u00e3o de Nossa Senhora D\u2019Ajuda vos aben\u00e7oe e vos guarde.<\/p>\n<p style=\"text-align: justify;\">NOVEN\u00c1RIO E FESTA DE NOSSA SENHORA D\u2019AJUDA<br \/>\n<strong>DE 24 DE JANEIRO A 02 DE FEVEREIRO DE 2012.<\/strong><br \/>\nEIXO CENTRAL: \u201c A Minha alma engrandece o Senhor, meu esp\u00edrito se alegra em Deus, meu Salvador,&#8230;\u201d Lc 1,47ss<br \/>\n<strong>PROGRAMA\u00c7\u00c3O:<\/strong><br \/>\n09h : Adora\u00e7\u00e3o ao Sant\u00edssimo Sacramento<br \/>\n12h : Of\u00edcio de Nossa Senhora<br \/>\n18h30min. : Ter\u00e7o<br \/>\n19h30min.<\/p>\n<p><strong>Dia 02 de Fevereiro de 2012:<\/strong><\/p>\n<p>&nbsp;<\/p>\n<p>06h : Alvorada<br \/>\n06h30: Of\u00edcio de Nossa Senhora<br \/>\n07h : Caf\u00e9 da Manh\u00e3<br \/>\n08h : Batizados<br \/>\n10h : Missa Solene<br \/>\n12h: \u00c3ngelus<br \/>\n<strong>16h: Prociss\u00e3o pelas ruas da Cidade<\/strong><br \/>\n18h: Santa Missa de Encerramento<br \/>\n20h: Show de Evangeliza\u00e7\u00e3o<\/p>\n","protected":false},"excerpt":{"rendered":"<p>Padre Willams Oliveira Lima, juntamente com toda Par\u00f3quia de Nossa Senhora D\u2019Ajuda, convida Vossa Senhoria e Fam\u00edlia para participar do Noven\u00e1rio e Festa da Nossa Excelsa Padroeira. Contudo, agradecemos imensamente a vossa presen\u00e7a e participa\u00e7\u00e3o. Deus por intercess\u00e3o de Nossa Senhora D\u2019Ajuda vos aben\u00e7oe e vos guarde. NOVEN\u00c1RIO E FESTA DE NOSSA SENHORA D\u2019AJUDA DE [&hellip;]<\/p>\n","protected":false},"author":3,"featured_media":23144,"comment_status":"closed","ping_status":"closed","sticky":false,"template":"","format":"standard","meta":{"footnotes":""},"categories":[46],"tags":[],"class_list":{"0":"post-23143","1":"post","2":"type-post","3":"status-publish","4":"format-standard","5":"has-post-thumbnail","7":"category-religiao"},"_links":{"self":[{"href":"https:\/\/senoticias.com.br\/se\/wp-json\/wp\/v2\/posts\/23143"}],"collection":[{"href":"https:\/\/senoticias.com.br\/se\/wp-json\/wp\/v2\/posts"}],"about":[{"href":"https:\/\/senoticias.com.br\/se\/wp-json\/wp\/v2\/types\/post"}],"author":[{"embeddable":true,"href":"https:\/\/senoticias.com.br\/se\/wp-json\/wp\/v2\/users\/3"}],"replies":[{"embeddable":true,"href":"https:\/\/senoticias.com.br\/se\/wp-json\/wp\/v2\/comments?post=23143"}],"version-history":[{"count":0,"href":"https:\/\/senoticias.com.br\/se\/wp-json\/wp\/v2\/posts\/23143\/revisions"}],"wp:featuredmedia":[{"embeddable":true,"href":"https:\/\/senoticias.com.br\/se\/wp-json\/wp\/v2\/media\/23144"}],"wp:attachment":[{"href":"https:\/\/senoticias.com.br\/se\/wp-json\/wp\/v2\/media?parent=23143"}],"wp:term":[{"taxonomy":"category","embeddable":true,"href":"https:\/\/senoticias.com.br\/se\/wp-json\/wp\/v2\/categories?post=23143"},{"taxonomy":"post_tag","embeddable":true,"href":"https:\/\/senoticias.com.br\/se\/wp-json\/wp\/v2\/tags?post=23143"}],"curies":[{"name":"wp","href":"https:\/\/api.w.org\/{rel}","templated":true}]}}