{"id":23130,"date":"2012-01-26T22:32:16","date_gmt":"2012-01-27T01:32:16","guid":{"rendered":"http:\/\/senoticias.com.br\/se\/?p=23130"},"modified":"2012-01-27T22:35:43","modified_gmt":"2012-01-28T01:35:43","slug":"sobe-para-5-o-numero-de-corpos-resgatados-em-desabamento-no-rio","status":"publish","type":"post","link":"https:\/\/senoticias.com.br\/se\/sobe-para-5-o-numero-de-corpos-resgatados-em-desabamento-no-rio\/","title":{"rendered":"Sexto corpo \u00e9 encontrado entre os escombros no Rio; 20 est\u00e3o desaparecidos"},"content":{"rendered":"<p><span style=\"color: #333333;\"><strong>Segundo secretaria, corpos achados s\u00e3o de tr\u00eas homens e tr\u00eas mulheres.<\/strong><\/span><br \/>\n<span style=\"color: #333333;\"><strong>Pr\u00e9dios ca\u00edram na noite de quarta (25), na Avenida Treze de Maio.<\/strong><\/span><\/p>\n<div id=\"attachment_23132\" style=\"width: 630px\" class=\"wp-caption aligncenter\"><a href=\"http:\/\/senoticias.com.br\/se\/wp-content\/uploads\/2012\/01\/resgate.jpg\"><img loading=\"lazy\" decoding=\"async\" aria-describedby=\"caption-attachment-23132\" class=\"size-full wp-image-23132\" title=\"resgate\" src=\"http:\/\/senoticias.com.br\/se\/wp-content\/uploads\/2012\/01\/resgate.jpg\" alt=\"\" width=\"620\" height=\"465\" srcset=\"https:\/\/senoticias.com.br\/se\/wp-content\/uploads\/2012\/01\/resgate.jpg 620w, https:\/\/senoticias.com.br\/se\/wp-content\/uploads\/2012\/01\/resgate-300x225.jpg 300w, https:\/\/senoticias.com.br\/se\/wp-content\/uploads\/2012\/01\/resgate-342x256.jpg 342w, https:\/\/senoticias.com.br\/se\/wp-content\/uploads\/2012\/01\/resgate-60x45.jpg 60w, https:\/\/senoticias.com.br\/se\/wp-content\/uploads\/2012\/01\/resgate-150x113.jpg 150w, https:\/\/senoticias.com.br\/se\/wp-content\/uploads\/2012\/01\/resgate-269x201.jpg 269w\" sizes=\"(max-width: 620px) 100vw, 620px\" \/><\/a><p id=\"caption-attachment-23132\" class=\"wp-caption-text\">Bombeiros buscam desaparecidos em desabamento de tr\u00eas pr\u00e9dios no Rio (Foto: AP)<\/p><\/div>\n<p style=\"text-align: justify;\">O corpo de uma mulher foi encontrado \u00e0s 2h57 desta sexta-feira durante a escava\u00e7\u00e3o dos escombros dos pr\u00e9dios que desabaram nesta quarta-feira (25) no centro do Rio de Janeiro. \u00c9 o sexto corpo a ser retirado. O n\u00famero de desaparecidos agora \u00e9 de 20, segundo a prefeitura.<\/p>\n<p>Mais cedo, tr\u00eas corpos foram identificados. Segundo a Pol\u00edcia Civil, dois deles foram identificados como Celso Renato Braga Cabral, de 44 anos, e Corn\u00e9lio Ribeiro Lopes, de 73. Parentes tamb\u00e9m identificaram o corpo do catador de lixo Mois\u00e9is Moraes da Silva.<\/p>\n<p style=\"text-align: justify;\"><strong>Pol\u00edcia abre inqu\u00e9rito<\/strong><br \/>\nA Pol\u00edcia Civil abriu inqu\u00e9rito para apurar as responsabilidades do desabamento ocorrido na noite de quarta-feira (25). Nesta quinta-feira (26), o titular da 5\u00aa DP (Mem de S\u00e1), delegado Alcides Alves Pereira, ouviu sete testemunhas e dois policiais que prestaram socorro \u00e0s v\u00edtimas logo ap\u00f3s o colapso das estruturas. As informa\u00e7\u00f5es s\u00e3o da assessoria da Pol\u00edcia Civil.<\/p>\n<p style=\"text-align: justify;\">O desabamento ocorreu por volta das 20h30 de quarta-feira (25). Um pr\u00e9dio de 20 andares, outro de 10 e um im\u00f3vel de cinco pavimentos ficaram em ru\u00ednas. O tr\u00e2nsito nas ruas situadas nas imedia\u00e7\u00f5es do Theatro Municipal foi interditado nesta quinta. Os trabalhos de resgate continuam nesta noite.<\/p>\n<p style=\"text-align: justify;\"><strong>Vinte e dois desaparecidos<\/strong><br \/>\nA Prefeitura do Rio informou nesta quinta-feira (26) que 22 pessoas est\u00e3o sendo procuradas ap\u00f3s o desabamento dos pr\u00e9dios. O prefeito do Rio, Eduardo Paes, afirmou em coletiva \u00e0 imprensa que 26 fam\u00edlias procuraram informa\u00e7\u00f5es sobre pessoas desaparecidas. Segundo a assessoria de imprensa da Prefeitura, quatro mortos estariam entre os procurados.<\/p>\n<p style=\"text-align: justify;\">Segundo Paes, a principal hip\u00f3tese \u00e9 que o desabamento tenha sido causado por um dano estrutural, j\u00e1 que n\u00e3o h\u00e1 informa\u00e7\u00f5es sobre explos\u00e3o ou vazamento de g\u00e1s. O Conselho Regional de Engenharia e Agronomia (Crea) informou que obras &#8220;ilegais&#8221;, sem registro no conselho ou na prefeitura, eram realizadas no 16\u00ba andar.<\/p>\n<p style=\"text-align: justify;\">Na hora da trag\u00e9dia, testemunhas disseram ter ouvido a estrutura do edif\u00edcio estalar antes de ir ao ch\u00e3o. Sobreviventes relataram momentos de desespero e quem estava no quarteir\u00e3o diz ter visto muita poeira tomar conta de carros e im\u00f3veis ap\u00f3s a queda das estruturas.<\/p>\n<p style=\"text-align: justify;\"><strong>Buscas<\/strong><br \/>\nDe acordo com o Corpo de Bombeiros, 60 homens dos quart\u00e9is da Barra da Tijuca, Alto da Boa Vista, S\u00e3o Crist\u00f3v\u00e3o e Central trabalham nas buscas por desaparecidos no local do desabamento, na Avenida Treze de Maio. As equipes contam, ainda, com o apoio de quatro c\u00e3es farejadores, retroescavadeiras e p\u00e1s mec\u00e2nicas.<\/p>\n<p style=\"text-align: justify;\">Para facilitar o trabalho das equipes da Prefeitura do Rio e dos bombeiros em busca dos desaparecidos, trechos de ruas da regi\u00e3o permanecer\u00e3o fechados nesta quinta. J\u00e1 as esta\u00e7\u00f5es do metr\u00f4 no Centro, que haviam sido fechadas na quarta-feira, funcionam normalmente desde as 5h. A Prefeitura pede que a popula\u00e7\u00e3o evite o local para facilitar a atua\u00e7\u00e3o das equipes.<\/p>\n<p style=\"text-align: justify;\"><strong>Luto de tr\u00eas dias<\/strong><br \/>\nO governador S\u00e9rgio Cabral decretou luto oficial de tr\u00eas dias no estado do Rio de Janeirox em mem\u00f3ria dos mortos no desabamento dos tr\u00eas pr\u00e9dios no Centro da cidade. De acordo com o governo do estado, o decreto ser\u00e1 publicado no Di\u00e1rio Oficial do Estado desta sexta (27).<\/p>\n<p style=\"text-align: justify;\">A assessoria de imprensa da Prefeitura informou que o munic\u00edpio far\u00e1 o mesmo.<\/p>\n<p style=\"text-align: justify;\"><strong>Feridos<\/strong><br \/>\nDe acordo com a Secretaria municipal de Sa\u00fade, seis pessoas ficaram feridas. No in\u00edcio da noite desta quinta, os tr\u00eas feridos que estavam internados no Hospital Souza Aguiar foram liberados. O quadro mais grave \u00e9 o da mulher que teve les\u00e3o no couro cabeludo, passou por cirurgia e foi transferida para um hospital particular.<\/p>\n<p style=\"text-align: justify;\"><a href=\"http:\/\/senoticias.com.br\/se\/wp-content\/uploads\/2012\/01\/Original2.jpg\"><img loading=\"lazy\" decoding=\"async\" class=\"aligncenter size-full wp-image-23140\" title=\"Original\" src=\"http:\/\/senoticias.com.br\/se\/wp-content\/uploads\/2012\/01\/Original2.jpg\" alt=\"\" width=\"595\" height=\"1574\" srcset=\"https:\/\/senoticias.com.br\/se\/wp-content\/uploads\/2012\/01\/Original2.jpg 595w, https:\/\/senoticias.com.br\/se\/wp-content\/uploads\/2012\/01\/Original2-113x300.jpg 113w, https:\/\/senoticias.com.br\/se\/wp-content\/uploads\/2012\/01\/Original2-387x1024.jpg 387w, https:\/\/senoticias.com.br\/se\/wp-content\/uploads\/2012\/01\/Original2-342x904.jpg 342w, https:\/\/senoticias.com.br\/se\/wp-content\/uploads\/2012\/01\/Original2-300x793.jpg 300w\" sizes=\"(max-width: 595px) 100vw, 595px\" \/><\/a><\/p>\n<p style=\"text-align: justify;\">\n","protected":false},"excerpt":{"rendered":"<p>Segundo secretaria, corpos achados s\u00e3o de tr\u00eas homens e tr\u00eas mulheres. Pr\u00e9dios ca\u00edram na noite de quarta (25), na Avenida Treze de Maio. O corpo de uma mulher foi encontrado \u00e0s 2h57 desta sexta-feira durante a escava\u00e7\u00e3o dos escombros dos pr\u00e9dios que desabaram nesta quarta-feira (25) no centro do Rio de Janeiro. \u00c9 o sexto [&hellip;]<\/p>\n","protected":false},"author":3,"featured_media":23132,"comment_status":"closed","ping_status":"closed","sticky":false,"template":"","format":"standard","meta":{"footnotes":""},"categories":[38],"tags":[],"class_list":{"0":"post-23130","1":"post","2":"type-post","3":"status-publish","4":"format-standard","5":"has-post-thumbnail","7":"category-municipios"},"_links":{"self":[{"href":"https:\/\/senoticias.com.br\/se\/wp-json\/wp\/v2\/posts\/23130"}],"collection":[{"href":"https:\/\/senoticias.com.br\/se\/wp-json\/wp\/v2\/posts"}],"about":[{"href":"https:\/\/senoticias.com.br\/se\/wp-json\/wp\/v2\/types\/post"}],"author":[{"embeddable":true,"href":"https:\/\/senoticias.com.br\/se\/wp-json\/wp\/v2\/users\/3"}],"replies":[{"embeddable":true,"href":"https:\/\/senoticias.com.br\/se\/wp-json\/wp\/v2\/comments?post=23130"}],"version-history":[{"count":0,"href":"https:\/\/senoticias.com.br\/se\/wp-json\/wp\/v2\/posts\/23130\/revisions"}],"wp:featuredmedia":[{"embeddable":true,"href":"https:\/\/senoticias.com.br\/se\/wp-json\/wp\/v2\/media\/23132"}],"wp:attachment":[{"href":"https:\/\/senoticias.com.br\/se\/wp-json\/wp\/v2\/media?parent=23130"}],"wp:term":[{"taxonomy":"category","embeddable":true,"href":"https:\/\/senoticias.com.br\/se\/wp-json\/wp\/v2\/categories?post=23130"},{"taxonomy":"post_tag","embeddable":true,"href":"https:\/\/senoticias.com.br\/se\/wp-json\/wp\/v2\/tags?post=23130"}],"curies":[{"name":"wp","href":"https:\/\/api.w.org\/{rel}","templated":true}]}}