{"id":23125,"date":"2012-01-26T21:13:50","date_gmt":"2012-01-27T00:13:50","guid":{"rendered":"http:\/\/senoticias.com.br\/se\/?p=23125"},"modified":"2012-01-26T21:14:18","modified_gmt":"2012-01-27T00:14:18","slug":"marcio-macedo-prestigia-assinatura-de-termo-de-cooperacao-entre-mp-e-ibama","status":"publish","type":"post","link":"https:\/\/senoticias.com.br\/se\/marcio-macedo-prestigia-assinatura-de-termo-de-cooperacao-entre-mp-e-ibama\/","title":{"rendered":"M\u00e1rcio Mac\u00eado prestigia assinatura de termo de coopera\u00e7\u00e3o entre MP e Ibama"},"content":{"rendered":"<p style=\"text-align: justify;\"><a href=\"http:\/\/senoticias.com.br\/se\/wp-content\/uploads\/2012\/01\/MMIbama2.jpg\"><img loading=\"lazy\" decoding=\"async\" class=\"alignleft size-medium wp-image-23126\" title=\"MMIbama2\" src=\"http:\/\/senoticias.com.br\/se\/wp-content\/uploads\/2012\/01\/MMIbama2-300x223.jpg\" alt=\"\" width=\"300\" height=\"223\" srcset=\"https:\/\/senoticias.com.br\/se\/wp-content\/uploads\/2012\/01\/MMIbama2-300x223.jpg 300w, https:\/\/senoticias.com.br\/se\/wp-content\/uploads\/2012\/01\/MMIbama2-342x254.jpg 342w, https:\/\/senoticias.com.br\/se\/wp-content\/uploads\/2012\/01\/MMIbama2-60x45.jpg 60w, https:\/\/senoticias.com.br\/se\/wp-content\/uploads\/2012\/01\/MMIbama2-150x113.jpg 150w, https:\/\/senoticias.com.br\/se\/wp-content\/uploads\/2012\/01\/MMIbama2-269x201.jpg 269w, https:\/\/senoticias.com.br\/se\/wp-content\/uploads\/2012\/01\/MMIbama2.jpg 672w\" sizes=\"(max-width: 300px) 100vw, 300px\" \/><\/a>O deputado federal M\u00e1rcio Mac\u00eado (PT) prestigiou, nesta quinta-feira, 26, a assinatura do acordo de coopera\u00e7\u00e3o t\u00e9cnica entre o Minist\u00e9rio P\u00fablico Estadual de Sergipe (MPE) e o Instituto Brasileiro do Meio Ambiente e dos Recursos Naturais Renov\u00e1veis (Ibama). O evento ocorreu na sede do MPE e contou com a presen\u00e7a do presidente do Ibama, Curt Trennepohl.<\/p>\n<p style=\"text-align: justify;\">A assinatura do acordo tem como objetivo o desenvolvimento de um trabalho conjunto entre os dois \u00f3rg\u00e3os, no \u00e2mbito de suas respectivas esferas de compet\u00eancia. Pelo termo, o Ibama disponibilizar\u00e1 ao Minist\u00e9rio P\u00fablico o acesso ao Sistema de Linha Verde de Ouvidoria do instituto \u2013 SISLIV, no qual s\u00e3o cadastrados ocorr\u00eancias e den\u00fancias de crimes ambientais nas esferas estadual e municipal.<\/p>\n<p style=\"text-align: justify;\">O acesso ao SISLIV possibilitar\u00e1 uma melhoria na qualidade do servi\u00e7o prestado \u00e0 sociedade, com o compartilhamento das a\u00e7\u00f5es entre os \u00f3rg\u00e3os, evitando, assim, poss\u00edveis interposi\u00e7\u00f5es de projetos e fortalecendo os mecanismos de prote\u00e7\u00e3o do patrim\u00f4nio ambiental de Sergipe.<\/p>\n<p style=\"text-align: justify;\">Para M\u00e1rcio Mac\u00eado, que j\u00e1 foi superintendente do Ibama em Sergipe, o acordo refor\u00e7a a parceria entre os dois \u00f3rg\u00e3os. \u201cAcredito no trabalho das duas institui\u00e7\u00f5es e sei que por este acordo, os recursos naturais de Sergipe ser\u00e3o protegidos. Estou muito feliz em testemunhar a efetiva\u00e7\u00e3o deste acordo\u201d, disse o parlamentar.<\/p>\n<p style=\"text-align: justify;\">Na vis\u00e3o do presidente do Ibama, a assinatura deste acordo de coopera\u00e7\u00e3o coloca o Ibama como mais um instrumento de defesa da sociedade. \u201cQue os indicadores de resultado deste projeto sejam proporcionais ao bom trabalho desenvolvido pelo Ibama de Sergipe\u201d, afirmou.<\/p>\n<p style=\"text-align: justify;\">O procurador-geral do MP, promotor Orlando Rochadel, disse que acredita na atua\u00e7\u00e3o preventiva na \u00e1rea de meio ambiente e que, por isso, est\u00e1 muito entusiasmado com a assinatura do acordo.<\/p>\n<p style=\"text-align: justify;\">Rochadel ressaltou ainda a import\u00e2ncia do papel desempenhado por M\u00e1rcio Mac\u00eado na C\u00e2mara Federal em defesa dos recursos naturais. \u201cTenho orgulho de ver o trabalho que M\u00e1rcio faz na C\u00e2mara, porque ele conhece todos os temas e tem um dom\u00ednio profundo das quest\u00f5es ambientais\u201d, ressaltou.<\/p>\n<p style=\"text-align: justify;\">Assessoria Parlamentar<\/p>\n","protected":false},"excerpt":{"rendered":"<p>O deputado federal M\u00e1rcio Mac\u00eado (PT) prestigiou, nesta quinta-feira, 26, a assinatura do acordo de coopera\u00e7\u00e3o t\u00e9cnica entre o Minist\u00e9rio P\u00fablico Estadual de Sergipe (MPE) e o Instituto Brasileiro do Meio Ambiente e dos Recursos Naturais Renov\u00e1veis (Ibama). O evento ocorreu na sede do MPE e contou com a presen\u00e7a do presidente do Ibama, Curt [&hellip;]<\/p>\n","protected":false},"author":3,"featured_media":23126,"comment_status":"closed","ping_status":"closed","sticky":false,"template":"","format":"standard","meta":{"footnotes":""},"categories":[6],"tags":[],"class_list":{"0":"post-23125","1":"post","2":"type-post","3":"status-publish","4":"format-standard","5":"has-post-thumbnail","7":"category-politica"},"_links":{"self":[{"href":"https:\/\/senoticias.com.br\/se\/wp-json\/wp\/v2\/posts\/23125"}],"collection":[{"href":"https:\/\/senoticias.com.br\/se\/wp-json\/wp\/v2\/posts"}],"about":[{"href":"https:\/\/senoticias.com.br\/se\/wp-json\/wp\/v2\/types\/post"}],"author":[{"embeddable":true,"href":"https:\/\/senoticias.com.br\/se\/wp-json\/wp\/v2\/users\/3"}],"replies":[{"embeddable":true,"href":"https:\/\/senoticias.com.br\/se\/wp-json\/wp\/v2\/comments?post=23125"}],"version-history":[{"count":0,"href":"https:\/\/senoticias.com.br\/se\/wp-json\/wp\/v2\/posts\/23125\/revisions"}],"wp:featuredmedia":[{"embeddable":true,"href":"https:\/\/senoticias.com.br\/se\/wp-json\/wp\/v2\/media\/23126"}],"wp:attachment":[{"href":"https:\/\/senoticias.com.br\/se\/wp-json\/wp\/v2\/media?parent=23125"}],"wp:term":[{"taxonomy":"category","embeddable":true,"href":"https:\/\/senoticias.com.br\/se\/wp-json\/wp\/v2\/categories?post=23125"},{"taxonomy":"post_tag","embeddable":true,"href":"https:\/\/senoticias.com.br\/se\/wp-json\/wp\/v2\/tags?post=23125"}],"curies":[{"name":"wp","href":"https:\/\/api.w.org\/{rel}","templated":true}]}}