{"id":22894,"date":"2012-01-24T22:37:41","date_gmt":"2012-01-25T01:37:41","guid":{"rendered":"http:\/\/senoticias.com.br\/se\/?p=22894"},"modified":"2013-05-18T13:04:54","modified_gmt":"2013-05-18T16:04:54","slug":"radio-comunitaria-faz-campanha-antecipada-para-ex-prefeito","status":"publish","type":"post","link":"https:\/\/senoticias.com.br\/se\/radio-comunitaria-faz-campanha-antecipada-para-ex-prefeito\/","title":{"rendered":"R\u00e1dio Comunit\u00e1ria faz campanha antecipada para ex-prefeito"},"content":{"rendered":"<p><strong>Ex-prefeito Armando Batalha usa programa de r\u00e1dio &#8220;Voz da Comunidade&#8221; como forma de autopromo\u00e7\u00e3o<\/strong><\/p>\n<div id=\"attachment_22895\" style=\"width: 280px\" class=\"wp-caption alignleft\"><a href=\"http:\/\/senoticias.com.br\/se\/wp-content\/uploads\/2012\/01\/Microfone.jpg\"><img loading=\"lazy\" decoding=\"async\" aria-describedby=\"caption-attachment-22895\" class=\"size-full wp-image-22895\" title=\"Microfone\" src=\"http:\/\/senoticias.com.br\/se\/wp-content\/uploads\/2012\/01\/Microfone.jpg\" alt=\"\" width=\"270\" height=\"187\" srcset=\"https:\/\/senoticias.com.br\/se\/wp-content\/uploads\/2012\/01\/Microfone.jpg 270w, https:\/\/senoticias.com.br\/se\/wp-content\/uploads\/2012\/01\/Microfone-269x187.jpg 269w\" sizes=\"(max-width: 270px) 100vw, 270px\" \/><\/a><p id=\"caption-attachment-22895\" class=\"wp-caption-text\">Foto: Ilustrativa\/Divulga\u00e7\u00e3o Internet<\/p><\/div>\n<p style=\"text-align: justify;\">Durante aproximadamente uma hora, Armando Batalha, confirmou que \u00e9 pr\u00e9-candidato a prefeito de S\u00e3o Crist\u00f3v\u00e3o pelo PSB respondeu varias perguntas dos ouvintes do programa &#8220;A Voz da Comunidade&#8221;, da ter\u00e7a-feira 20\/11, na R\u00e1dio Comunidade FM 106,3, do conjunto Eduardo Gomes em S\u00e3o Crist\u00f3v\u00e3o.<\/p>\n<p style=\"text-align: justify;\">O ex-prefeito rebateu todas as criticas que foram feitas a sua pessoa no sentido de que ele n\u00e3o poderia disputar as elei\u00e7\u00f5es do pr\u00f3ximo ano. Armando pediu que a popula\u00e7\u00e3o do munic\u00edpio de S\u00e3o Crist\u00f3v\u00e3o se tranq\u00fcilizasse, pois s\u00e3o den\u00fancias apenas para confundir a popula\u00e7\u00e3o. Ele ainda afirmou que n\u00e3o existe nenhuma de suas contas reprovadas e que pode disputar qualquer cargo que queira, pois n\u00e3o existe sequer uma condena\u00e7\u00e3o sobre sua pessoa.<\/p>\n<p style=\"text-align: justify;\"><strong>Grava\u00e7\u00f5es &#8211;<\/strong> Em uma das grava\u00e7\u00f5es, o ex-prefeito enumera uma s\u00e9rie de obras de seu governo e diz que elas n\u00e3o tiveram continuidade ap\u00f3s o t\u00e9rmino de seu mandato. Em seguida, ele levanta quest\u00f5es eleitorais e critica advers\u00e1rios pol\u00edticos.<\/p>\n<p style=\"text-align: justify;\">Em outra grava\u00e7\u00e3o, o ex-prefeito se autopromove dizendo que ele teria resolvido os problemas estruturais do munic\u00edpio de S\u00e3o Crist\u00f3v\u00e3o. \u201cE quem est\u00e1 dizendo isso \u00e9 quem asfaltou todo o Rosa Elze. E o povo da Pedreira sabe que foi Armando que pavimentou aquela comunidade. Foi Armando que resolveu o problema de \u00e1gua da V\u00e1rzea\u201d, lembrou.<\/p>\n<p style=\"text-align: justify;\">Uma R\u00e1dio Comunit\u00e1ria n\u00e3o pode ter fins lucrativos nem v\u00ednculos de qualquer tipo, tais como partidos pol\u00edticos, como explica resolu\u00e7\u00e3o da Anatel. (Lei 9612\/98)<\/p>\n<p style=\"text-align: justify;\">A R\u00e1dio Comunidade FM \u00e9 gerenciada por pol\u00edtico, usada por pol\u00edticos e para fins pol\u00edticos. Esta emissora n\u00e3o passa de um palanque e escada de ascens\u00e3o para um grupo pol\u00edtico e desrespeita frontalmente as leis eleitorais todos os dias. Por ela desfilam candidatos a cargos pol\u00edticos expondo abertamente suas pretens\u00f5es pol\u00edtico\/partid\u00e1rias.<\/p>\n<p style=\"text-align: justify;\">O uso de direito e os fins do qual rege a lei de uso, n\u00e3o s\u00e3o observados corretamente. Conforme estabelece o <strong>art. 36, \u201ccaput\u201d da Lei n\u00b0 9.504\/97<\/strong>, a propaganda eleitoral somente \u00e9 permitida ap\u00f3s o dia 5 de julho do ano da elei\u00e7\u00e3o. Al\u00e9m dessa limita\u00e7\u00e3o, existem disciplinas formais da propaganda eleitoral.<\/p>\n<p style=\"text-align: justify;\">R\u00e1dios comunit\u00e1rias n\u00e3o podem fazer propaganda eleitoral antecipada, positiva ou negativa. Nos termos do art. <strong>36, \u00a73\u00b0 da Lei n\u00b0 9.504\/97<\/strong>, a propaganda eleitoral antecipada \u00e9 punida, com pena de multa de vinte mil a cinq\u00fcenta mil UFIRs ou equivalente ao custo da propaganda, se este for maior. Regulamentando o artigo em quest\u00e3o, o C. TSE, atrav\u00e9s da Resolu\u00e7\u00e3o n\u00b0 <strong>22.718<\/strong>, fixou o valor da multa entre <strong>R$ 21.282,00<\/strong> e R$ <strong>53.205,00<\/strong>, sem preju\u00edzo da equival\u00eancia ao custo da propaganda, quando for maior.<\/p>\n<p style=\"text-align: justify;\">Sendo assim, conclamamos a fiscaliza\u00e7\u00e3o da Anatel e a interven\u00e7\u00e3o do Minist\u00e9rio P\u00fablico Federal no sentido de punir os diretores da referida emissora comunit\u00e1ria do conjunto Eduardo Gomes, a fim de que este ve\u00edculo de comunica\u00e7\u00e3o comunit\u00e1ria respeite o que determina a legisla\u00e7\u00e3o e se <strong>torne de fato e de direito uma verdadeira r\u00e1dio comunit\u00e1ria, a servi\u00e7o da comunidade<\/strong> e n\u00e3o dos pol\u00edticos, a exemplo do senhor Armando Batatlha.<\/p>\n<p style=\"text-align: justify;\">A Anatel j\u00e1 foi informada e come\u00e7ar\u00e1 a fazer o acompanhamento da programa\u00e7\u00e3o da R\u00e1dio Comunit\u00e1ria do Eduardo Gomes. Em caso de comprova\u00e7\u00e3o dessas irregularidades, pode haver cassa\u00e7\u00e3o da outorga. N\u00e3o h\u00e1 cobran\u00e7a de nenhum valor nas outorgas de r\u00e1dios comunit\u00e1rias, mas quem recebe a concess\u00e3o n\u00e3o pode auferir nenhum lucro em decorr\u00eancia da atividade e nem deve usar a emissora para beneficiar pol\u00edticos, como est\u00e1 acontecendo em S\u00e3o Crist\u00f3v\u00e3o.<\/p>\n<p style=\"text-align: justify;\">Ou\u00e7a o \u00e1udio abaixo com a entrevista e tire suas conclus\u00f5es.<\/p>\n<p><object width=\"420\" height=\"240\" classid=\"clsid:d27cdb6e-ae6d-11cf-96b8-444553540000\" codebase=\"http:\/\/download.macromedia.com\/pub\/shockwave\/cabs\/flash\/swflash.cab#version=6,0,40,0\"><param name=\"src\" value=\"http:\/\/www.mp3tube.com.br\/embed\/b75fab86956663e1819c\/3138392e37312e3134332e3139\" \/><param name=\"allowfullscreen\" value=\"true\" \/><param name=\"allowscriptaccess\" value=\"always\" \/><embed width=\"420\" height=\"240\" type=\"application\/x-shockwave-flash\" src=\"http:\/\/www.mp3tube.com.br\/embed\/b75fab86956663e1819c\/3138392e37312e3134332e3139\" allowfullscreen=\"true\" allowscriptaccess=\"always\" \/><\/object><\/p>\n<p><object width=\"420\" height=\"240\" classid=\"clsid:d27cdb6e-ae6d-11cf-96b8-444553540000\" codebase=\"http:\/\/download.macromedia.com\/pub\/shockwave\/cabs\/flash\/swflash.cab#version=6,0,40,0\"><param name=\"src\" value=\"http:\/\/www.mp3tube.com.br\/embed\/e9de8fbb1c42787c3ec2\/3138392e37312e3134332e3139\" \/><param name=\"allowfullscreen\" value=\"true\" \/><param name=\"allowscriptaccess\" value=\"always\" \/><embed width=\"420\" height=\"240\" type=\"application\/x-shockwave-flash\" src=\"http:\/\/www.mp3tube.com.br\/embed\/e9de8fbb1c42787c3ec2\/3138392e37312e3134332e3139\" allowfullscreen=\"true\" allowscriptaccess=\"always\" \/><\/object><\/p>\n<p><object width=\"420\" height=\"240\" classid=\"clsid:d27cdb6e-ae6d-11cf-96b8-444553540000\" codebase=\"http:\/\/download.macromedia.com\/pub\/shockwave\/cabs\/flash\/swflash.cab#version=6,0,40,0\"><param name=\"src\" value=\"http:\/\/www.mp3tube.com.br\/embed\/e194413056248a00ce00\/3138392e37312e3134332e3139\" \/><param name=\"allowfullscreen\" value=\"true\" \/><param name=\"allowscriptaccess\" value=\"always\" \/><embed width=\"420\" height=\"240\" type=\"application\/x-shockwave-flash\" src=\"http:\/\/www.mp3tube.com.br\/embed\/e194413056248a00ce00\/3138392e37312e3134332e3139\" allowfullscreen=\"true\" allowscriptaccess=\"always\" \/><\/object><\/p>\n<p><strong>por Reda\u00e7\u00e3o SE Not\u00edcias<\/strong><\/p>\n","protected":false},"excerpt":{"rendered":"<p>Ex-prefeito Armando Batalha usa programa de r\u00e1dio &#8220;Voz da Comunidade&#8221; como forma de autopromo\u00e7\u00e3o Durante aproximadamente uma hora, Armando Batalha, confirmou que \u00e9 pr\u00e9-candidato a prefeito de S\u00e3o Crist\u00f3v\u00e3o pelo PSB respondeu varias perguntas dos ouvintes do programa &#8220;A Voz da Comunidade&#8221;, da ter\u00e7a-feira 20\/11, na R\u00e1dio Comunidade FM 106,3, do conjunto Eduardo Gomes em [&hellip;]<\/p>\n","protected":false},"author":3,"featured_media":22895,"comment_status":"closed","ping_status":"closed","sticky":false,"template":"","format":"standard","meta":{"footnotes":""},"categories":[38,3],"tags":[],"class_list":{"0":"post-22894","1":"post","2":"type-post","3":"status-publish","4":"format-standard","5":"has-post-thumbnail","7":"category-municipios","8":"category-saocristovao"},"_links":{"self":[{"href":"https:\/\/senoticias.com.br\/se\/wp-json\/wp\/v2\/posts\/22894"}],"collection":[{"href":"https:\/\/senoticias.com.br\/se\/wp-json\/wp\/v2\/posts"}],"about":[{"href":"https:\/\/senoticias.com.br\/se\/wp-json\/wp\/v2\/types\/post"}],"author":[{"embeddable":true,"href":"https:\/\/senoticias.com.br\/se\/wp-json\/wp\/v2\/users\/3"}],"replies":[{"embeddable":true,"href":"https:\/\/senoticias.com.br\/se\/wp-json\/wp\/v2\/comments?post=22894"}],"version-history":[{"count":0,"href":"https:\/\/senoticias.com.br\/se\/wp-json\/wp\/v2\/posts\/22894\/revisions"}],"wp:featuredmedia":[{"embeddable":true,"href":"https:\/\/senoticias.com.br\/se\/wp-json\/wp\/v2\/media\/22895"}],"wp:attachment":[{"href":"https:\/\/senoticias.com.br\/se\/wp-json\/wp\/v2\/media?parent=22894"}],"wp:term":[{"taxonomy":"category","embeddable":true,"href":"https:\/\/senoticias.com.br\/se\/wp-json\/wp\/v2\/categories?post=22894"},{"taxonomy":"post_tag","embeddable":true,"href":"https:\/\/senoticias.com.br\/se\/wp-json\/wp\/v2\/tags?post=22894"}],"curies":[{"name":"wp","href":"https:\/\/api.w.org\/{rel}","templated":true}]}}