{"id":22619,"date":"2012-01-20T06:20:00","date_gmt":"2012-01-20T09:20:00","guid":{"rendered":"http:\/\/senoticias.com.br\/se\/?p=22619"},"modified":"2012-01-20T06:20:18","modified_gmt":"2012-01-20T09:20:18","slug":"pm-conduz-a-delegacia-dupla-acusada-de-porte-ilegal-de-arma-de-fogo","status":"publish","type":"post","link":"https:\/\/senoticias.com.br\/se\/pm-conduz-a-delegacia-dupla-acusada-de-porte-ilegal-de-arma-de-fogo\/","title":{"rendered":"PM conduz \u00e0 delegacia dupla acusada de porte ilegal de arma de fogo"},"content":{"rendered":"<div id=\"attachment_12709\" style=\"width: 310px\" class=\"wp-caption alignright\"><a href=\"http:\/\/senoticias.com.br\/se\/wp-content\/uploads\/2011\/09\/Choque-no-arrai%C3%A1-do-povo.-2.jpg\"><img loading=\"lazy\" decoding=\"async\" aria-describedby=\"caption-attachment-12709\" class=\"size-full wp-image-12709\" title=\"Comandante do Batalh\u00e3o de Choque\" src=\"http:\/\/senoticias.com.br\/se\/wp-content\/uploads\/2011\/09\/Choque-no-arrai%C3%A1-do-povo.-2.jpg\" alt=\"\" width=\"300\" height=\"225\" \/><\/a><p id=\"caption-attachment-12709\" class=\"wp-caption-text\">Major Carlos Rolemberg, Comandante do Batalh\u00e3o de Choque<\/p><\/div>\n<p style=\"text-align: justify;\">Durante o patrulhamento ordin\u00e1rio, que se manteve inalterado durante os festejos do Pr\u00e9-Caju Ver\u00e3o 2012, policiais do Batalh\u00e3o de Choque prenderam William de Jesus Santos, de 19 anos, e apreenderam um adolescente de 17 anos, flagrados na noite da quinta-feira, 19, em poder de um rev\u00f3lver calibre 38 com cinco muni\u00e7\u00f5es intactas.<\/p>\n<p style=\"text-align: justify;\">Os jovens foram abordados por volta das 22h30, pela equipe comandada pelo sargento Alessandro Wilson, que realizava o patrulhamento t\u00e1tico do bairro Dezoito do Forte. Os militares notaram a presen\u00e7a de dois indiv\u00edduos em atitude suspeita, nas proximidades do 28\u00ba Batalh\u00e3o de Ca\u00e7adores do Ex\u00e9rcito Brasileiro, e, ao abord\u00e1-los, encontraram a referida arma de fogo.<\/p>\n<p style=\"text-align: justify;\">O caso foi encaminhado \u00e0 Delegacia Plantonista, para a ado\u00e7\u00e3o das medidas necess\u00e1rias.<\/p>\n<p style=\"text-align: justify;\"><strong>Efetivo do Pr\u00e9-Caju<\/strong><\/p>\n<p style=\"text-align: justify;\">Nesta primeira noite da pr\u00e9via carnavalesca, o Batalh\u00e3o de Pol\u00edcia de Choque (BPChq) atua com 10 viaturas acompanhando o desfile dos blocos e na chamada \u201cpipoca\u201d, para inibir eventuais tumultos ao longo do percurso. Na via paralela, as equipes posicionam suas caminhonetes \u00e0 frente e atr\u00e1s dos trios el\u00e9tricos. No trajeto dos foli\u00f5es, conta com o apoio de patrulhas a p\u00e9, que se deslocam desde a sa\u00edda dos brincantes, no Iate Clube de Aracaju, at\u00e9 o final do corredor da folia, j\u00e1 na avenida Tancredo Neves.<\/p>\n<p style=\"text-align: justify;\">\u201cNosso objetivo \u00e9 inibir a a\u00e7\u00e3o de poss\u00edveis infratores e preservar a seguran\u00e7a do cidad\u00e3o de bem, para que este possa retornar em paz ao seu lar\u201d, destacou major Rolemberg, que comanda da tropa do BPChq nas quatro noites de Pr\u00e9-caju.<\/p>\n","protected":false},"excerpt":{"rendered":"<p>Durante o patrulhamento ordin\u00e1rio, que se manteve inalterado durante os festejos do Pr\u00e9-Caju Ver\u00e3o 2012, policiais do Batalh\u00e3o de Choque prenderam William de Jesus Santos, de 19 anos, e apreenderam um adolescente de 17 anos, flagrados na noite da quinta-feira, 19, em poder de um rev\u00f3lver calibre 38 com cinco muni\u00e7\u00f5es intactas. Os jovens foram [&hellip;]<\/p>\n","protected":false},"author":3,"featured_media":12709,"comment_status":"closed","ping_status":"closed","sticky":false,"template":"","format":"standard","meta":{"footnotes":""},"categories":[7],"tags":[],"class_list":{"0":"post-22619","1":"post","2":"type-post","3":"status-publish","4":"format-standard","5":"has-post-thumbnail","7":"category-policia"},"_links":{"self":[{"href":"https:\/\/senoticias.com.br\/se\/wp-json\/wp\/v2\/posts\/22619"}],"collection":[{"href":"https:\/\/senoticias.com.br\/se\/wp-json\/wp\/v2\/posts"}],"about":[{"href":"https:\/\/senoticias.com.br\/se\/wp-json\/wp\/v2\/types\/post"}],"author":[{"embeddable":true,"href":"https:\/\/senoticias.com.br\/se\/wp-json\/wp\/v2\/users\/3"}],"replies":[{"embeddable":true,"href":"https:\/\/senoticias.com.br\/se\/wp-json\/wp\/v2\/comments?post=22619"}],"version-history":[{"count":0,"href":"https:\/\/senoticias.com.br\/se\/wp-json\/wp\/v2\/posts\/22619\/revisions"}],"wp:featuredmedia":[{"embeddable":true,"href":"https:\/\/senoticias.com.br\/se\/wp-json\/wp\/v2\/media\/12709"}],"wp:attachment":[{"href":"https:\/\/senoticias.com.br\/se\/wp-json\/wp\/v2\/media?parent=22619"}],"wp:term":[{"taxonomy":"category","embeddable":true,"href":"https:\/\/senoticias.com.br\/se\/wp-json\/wp\/v2\/categories?post=22619"},{"taxonomy":"post_tag","embeddable":true,"href":"https:\/\/senoticias.com.br\/se\/wp-json\/wp\/v2\/tags?post=22619"}],"curies":[{"name":"wp","href":"https:\/\/api.w.org\/{rel}","templated":true}]}}