{"id":22613,"date":"2012-01-20T06:13:47","date_gmt":"2012-01-20T09:13:47","guid":{"rendered":"http:\/\/senoticias.com.br\/se\/?p=22613"},"modified":"2012-01-21T06:50:41","modified_gmt":"2012-01-21T09:50:41","slug":"pre-caju-verao-2012-primeira-noite-da-festa-e-marcada-por-tranquilidade","status":"publish","type":"post","link":"https:\/\/senoticias.com.br\/se\/pre-caju-verao-2012-primeira-noite-da-festa-e-marcada-por-tranquilidade\/","title":{"rendered":"Pr\u00e9-Caju 2012: Pol\u00edcia registra 27 boletins de ocorr\u00eancias na primeira noite"},"content":{"rendered":"<p>&nbsp;<\/p>\n<p><span style=\"color: #333333;\"><strong>Furto simples lidera o mapa de ocorr\u00eancias policiais na primeira noite<\/strong><\/span><\/p>\n<div id=\"attachment_22454\" style=\"width: 310px\" class=\"wp-caption alignright\"><a href=\"http:\/\/senoticias.com.br\/se\/wp-content\/uploads\/2012\/01\/grande-enilson_aragao_choque_18_06.jpg\"><img loading=\"lazy\" decoding=\"async\" aria-describedby=\"caption-attachment-22454\" class=\"size-medium wp-image-22454\" title=\"grande-enilson_aragao_choque_18_06\" src=\"http:\/\/senoticias.com.br\/se\/wp-content\/uploads\/2012\/01\/grande-enilson_aragao_choque_18_06-300x225.jpg\" alt=\"\" width=\"300\" height=\"225\" srcset=\"https:\/\/senoticias.com.br\/se\/wp-content\/uploads\/2012\/01\/grande-enilson_aragao_choque_18_06-300x225.jpg 300w, https:\/\/senoticias.com.br\/se\/wp-content\/uploads\/2012\/01\/grande-enilson_aragao_choque_18_06-342x256.jpg 342w, https:\/\/senoticias.com.br\/se\/wp-content\/uploads\/2012\/01\/grande-enilson_aragao_choque_18_06-60x45.jpg 60w, https:\/\/senoticias.com.br\/se\/wp-content\/uploads\/2012\/01\/grande-enilson_aragao_choque_18_06-150x113.jpg 150w, https:\/\/senoticias.com.br\/se\/wp-content\/uploads\/2012\/01\/grande-enilson_aragao_choque_18_06-269x201.jpg 269w, https:\/\/senoticias.com.br\/se\/wp-content\/uploads\/2012\/01\/grande-enilson_aragao_choque_18_06.jpg 700w\" sizes=\"(max-width: 300px) 100vw, 300px\" \/><\/a><p id=\"caption-attachment-22454\" class=\"wp-caption-text\">Cel. Enilson, comandante do Policiamento Militar da Capital (CPMC)<\/p><\/div>\n<p style=\"text-align: justify;\">Um relat\u00f3rio detalhado do \u00cdris-Sistema de Monitoramento e Estat\u00edstica de Ocorr\u00eancias Policiais da Secretaria de Seguran\u00e7a P\u00fablica mostra que entre quinta e sexta, 19 e 20, primeira noite do Pr\u00e9-Caju 2012, das 27 ocorr\u00eancias registradas, a maioria foi referente \u00e0 furto simples num total de dez registros.<\/p>\n<p style=\"text-align: justify;\">At\u00e9 o momento do fechamento desta reportagem, por volta das 04 horas da madrugada, 27 boletins de ocorr\u00eancias foram registrados, destes 23 foram registrados no Posto do Parque da Sementeira e 04 no posto de Comando do Banese (avenida Francisco Porto). Al\u00e9m de furto simples, lideram os registros: furto a transeuntes (03); perda\/extravio de documentos (03); desacato e les\u00e3o corporal leve (02); e roubo, amea\u00e7a, fato at\u00edpico, furto qualificado, porte de entorpecente, porte de arma e vias de fato, estes tiveram uma ocorr\u00eancia cada um.<\/p>\n<p style=\"text-align: justify;\">De acordo com o comandante do Comando do Policiamento Militar (CPMC), coronel Enilson Arag\u00e3o, que comandou o policiamento geral na primeira noite do evento, a tropa foi dividida em dois turnos, atuando em cinco \u00e1reas, entre o circuito interno do evento, na passagem dos trios el\u00e9tricos, e no patrulhamento perif\u00e9rico, que compreende as vias transversais e paralelas \u00e0 Beira Mar, desde o Iate Clube at\u00e9 a avenida Tancredo Neves.<\/p>\n<p style=\"text-align: justify;\">Por requisi\u00e7\u00e3o do comandante geral da Pol\u00edcia Militar, Aelson Rezende, ao secret\u00e1rio de Estado da Seguran\u00e7a P\u00fablica, delegado Jo\u00e3o Eloy, a tropa recebeu o refor\u00e7o complementar do efetivo que atua em \u00f3rg\u00e3os p\u00fablicos, bem como de policiais volunt\u00e1rios, que estavam de folga, gozando o benef\u00edcio de f\u00e9rias ou licen\u00e7a.<\/p>\n<p style=\"text-align: justify;\">\u00a0\u201cVale salientar, no entanto, que a presen\u00e7a destes foi volunt\u00e1ria e significou a preocupa\u00e7\u00e3o e o comprometimento dos integrantes da corpora\u00e7\u00e3o em garantir uma festa de paz para o cidad\u00e3o sergipano e os turistas que visitam a nossa cidade\u201d, salientou coronel Enilson.<\/p>\n<p style=\"text-align: justify;\">O Sistema de Monitoramento produz estat\u00edstica em tempo real de todas as ocorr\u00eancias registradas no circuito da folia.<\/p>\n<p style=\"text-align: justify;\"><strong>Registros do Samu<\/strong><\/p>\n<p style=\"text-align: justify;\">O Servi\u00e7o de Atendimento M\u00f3vel de Urg\u00eancia (SAMU) registrou 56 atendimentos sendo 31 casos clinicos e 25 traumas. Dez pessoas foram transferidas para unidades hospitalares. Um jovem de 23 anos que foi atingido com um golpe de arma branca, , nas proximidades da avenida Francisco Porto, e foi encaminhado at\u00e9 o posto do SAMU por uma guarni\u00e7\u00e3o do Grupo Especial de Rondas e Blitzes (GERB) e ap\u00f3s os primeiros atendimentos, levado ao Hospital de Urg\u00eancia de Sergipe (Huse).<\/p>\n<p style=\"text-align: justify;\">Dos 25 traumas registrados no posto de atendimento do SAMU, 17 foram provocados por vias de fato no circuito da festa. Um adolescente tamb\u00e9m foi encaminhado a uma das unidades hospitalares por intoxica\u00e7\u00e3o devido a uso de crack.<\/p>\n<p style=\"text-align: justify;\">SE Not\u00edcias com SSP\/SE<\/p>\n<p style=\"text-align: justify;\">\n","protected":false},"excerpt":{"rendered":"<p>&nbsp; Furto simples lidera o mapa de ocorr\u00eancias policiais na primeira noite Um relat\u00f3rio detalhado do \u00cdris-Sistema de Monitoramento e Estat\u00edstica de Ocorr\u00eancias Policiais da Secretaria de Seguran\u00e7a P\u00fablica mostra que entre quinta e sexta, 19 e 20, primeira noite do Pr\u00e9-Caju 2012, das 27 ocorr\u00eancias registradas, a maioria foi referente \u00e0 furto simples num [&hellip;]<\/p>\n","protected":false},"author":3,"featured_media":22454,"comment_status":"closed","ping_status":"closed","sticky":false,"template":"","format":"standard","meta":{"footnotes":""},"categories":[7],"tags":[],"class_list":{"0":"post-22613","1":"post","2":"type-post","3":"status-publish","4":"format-standard","5":"has-post-thumbnail","7":"category-policia"},"_links":{"self":[{"href":"https:\/\/senoticias.com.br\/se\/wp-json\/wp\/v2\/posts\/22613"}],"collection":[{"href":"https:\/\/senoticias.com.br\/se\/wp-json\/wp\/v2\/posts"}],"about":[{"href":"https:\/\/senoticias.com.br\/se\/wp-json\/wp\/v2\/types\/post"}],"author":[{"embeddable":true,"href":"https:\/\/senoticias.com.br\/se\/wp-json\/wp\/v2\/users\/3"}],"replies":[{"embeddable":true,"href":"https:\/\/senoticias.com.br\/se\/wp-json\/wp\/v2\/comments?post=22613"}],"version-history":[{"count":0,"href":"https:\/\/senoticias.com.br\/se\/wp-json\/wp\/v2\/posts\/22613\/revisions"}],"wp:featuredmedia":[{"embeddable":true,"href":"https:\/\/senoticias.com.br\/se\/wp-json\/wp\/v2\/media\/22454"}],"wp:attachment":[{"href":"https:\/\/senoticias.com.br\/se\/wp-json\/wp\/v2\/media?parent=22613"}],"wp:term":[{"taxonomy":"category","embeddable":true,"href":"https:\/\/senoticias.com.br\/se\/wp-json\/wp\/v2\/categories?post=22613"},{"taxonomy":"post_tag","embeddable":true,"href":"https:\/\/senoticias.com.br\/se\/wp-json\/wp\/v2\/tags?post=22613"}],"curies":[{"name":"wp","href":"https:\/\/api.w.org\/{rel}","templated":true}]}}