{"id":22602,"date":"2012-01-19T20:59:47","date_gmt":"2012-01-19T23:59:47","guid":{"rendered":"http:\/\/senoticias.com.br\/se\/?p=22602"},"modified":"2012-01-19T21:00:06","modified_gmt":"2012-01-20T00:00:06","slug":"evangelicos-promovem-o-evento-mais-de-deus","status":"publish","type":"post","link":"https:\/\/senoticias.com.br\/se\/evangelicos-promovem-o-evento-mais-de-deus\/","title":{"rendered":"Evang\u00e9licos promovem o evento Mais de Deus"},"content":{"rendered":"<p style=\"text-align: justify;\"><a href=\"http:\/\/senoticias.com.br\/se\/wp-content\/uploads\/2012\/01\/img_132700812204.jpg\"><img loading=\"lazy\" decoding=\"async\" class=\"alignright size-full wp-image-22603\" title=\"img_132700812204\" src=\"http:\/\/senoticias.com.br\/se\/wp-content\/uploads\/2012\/01\/img_132700812204.jpg\" alt=\"\" width=\"250\" height=\"93\" \/><\/a>O evento DE DEUS chega 11\u00aa edi\u00e7\u00e3o este ano e ser\u00e1 realizado nos dias 20 e 21 no Constancio Vieira. O encontro \u00e9 organizado pela Igreja Presbiteriana Renovada e ocorre simultaneamente com o pr\u00e9-caju 2012. Os organizadores t\u00eam expectativa de atrair mais de 20 mil pessoas por noite.<\/p>\n<p style=\"text-align: justify;\">O de Deus come\u00e7a \u00e0s 19h e n\u00e3o tem hora para acabar. O primeiro lote dos ingressos esgotou, mas o segundo ainda est\u00e1 sendo vendido ao pre\u00e7o de R$10.<\/p>\n<p><strong>Programa\u00e7\u00e3o<\/strong><\/p>\n<p><strong>Dia 21<\/strong><\/p>\n<p>Minist\u00e9rio Renovado (SE)<br \/>\nRodrigo Luz<br \/>\nDavi Sacer (RJ)<br \/>\nbanda Jeov\u00e1 Nissi (BA)<\/p>\n<p><strong>Dia 22<\/strong><\/p>\n<p>Minist\u00e9rio Renovado<br \/>\nBanda Jeov\u00e1 Nissi (BA)<br \/>\nThalles Roberto (MG)<br \/>\nBanda Jeov\u00e1 Nissi (BA)<br \/>\nPortal Atalaia<\/p>\n","protected":false},"excerpt":{"rendered":"<p>O evento DE DEUS chega 11\u00aa edi\u00e7\u00e3o este ano e ser\u00e1 realizado nos dias 20 e 21 no Constancio Vieira. O encontro \u00e9 organizado pela Igreja Presbiteriana Renovada e ocorre simultaneamente com o pr\u00e9-caju 2012. Os organizadores t\u00eam expectativa de atrair mais de 20 mil pessoas por noite. O de Deus come\u00e7a \u00e0s 19h e [&hellip;]<\/p>\n","protected":false},"author":2,"featured_media":22603,"comment_status":"closed","ping_status":"closed","sticky":false,"template":"","format":"standard","meta":{"footnotes":""},"categories":[46],"tags":[],"class_list":{"0":"post-22602","1":"post","2":"type-post","3":"status-publish","4":"format-standard","5":"has-post-thumbnail","7":"category-religiao"},"_links":{"self":[{"href":"https:\/\/senoticias.com.br\/se\/wp-json\/wp\/v2\/posts\/22602"}],"collection":[{"href":"https:\/\/senoticias.com.br\/se\/wp-json\/wp\/v2\/posts"}],"about":[{"href":"https:\/\/senoticias.com.br\/se\/wp-json\/wp\/v2\/types\/post"}],"author":[{"embeddable":true,"href":"https:\/\/senoticias.com.br\/se\/wp-json\/wp\/v2\/users\/2"}],"replies":[{"embeddable":true,"href":"https:\/\/senoticias.com.br\/se\/wp-json\/wp\/v2\/comments?post=22602"}],"version-history":[{"count":0,"href":"https:\/\/senoticias.com.br\/se\/wp-json\/wp\/v2\/posts\/22602\/revisions"}],"wp:featuredmedia":[{"embeddable":true,"href":"https:\/\/senoticias.com.br\/se\/wp-json\/wp\/v2\/media\/22603"}],"wp:attachment":[{"href":"https:\/\/senoticias.com.br\/se\/wp-json\/wp\/v2\/media?parent=22602"}],"wp:term":[{"taxonomy":"category","embeddable":true,"href":"https:\/\/senoticias.com.br\/se\/wp-json\/wp\/v2\/categories?post=22602"},{"taxonomy":"post_tag","embeddable":true,"href":"https:\/\/senoticias.com.br\/se\/wp-json\/wp\/v2\/tags?post=22602"}],"curies":[{"name":"wp","href":"https:\/\/api.w.org\/{rel}","templated":true}]}}