{"id":22596,"date":"2012-01-19T20:48:34","date_gmt":"2012-01-19T23:48:34","guid":{"rendered":"http:\/\/senoticias.com.br\/se\/?p=22596"},"modified":"2012-01-19T21:23:55","modified_gmt":"2012-01-20T00:23:55","slug":"governador-decreta-ponto-facultativo-a-partir-das-12h-desta-sexta-feira","status":"publish","type":"post","link":"https:\/\/senoticias.com.br\/se\/governador-decreta-ponto-facultativo-a-partir-das-12h-desta-sexta-feira\/","title":{"rendered":"Governo e prefeitura decretam ponto facultativo a partir das 12h desta sexta-feira"},"content":{"rendered":"<p style=\"text-align: justify;\"><span style=\"color: #333333;\"><strong><br \/>\nAs reparti\u00e7\u00f5es p\u00fablicas estaduais e municipais estar\u00e3o fechadas a partir das 12h desta sexta-feira<\/strong><\/span><\/p>\n<p>&nbsp;<\/p>\n<p style=\"text-align: justify;\"><a href=\"http:\/\/senoticias.com.br\/se\/wp-content\/uploads\/2012\/01\/FotoMarcosRodriguesASN.jpg\"><img loading=\"lazy\" decoding=\"async\" class=\"alignright size-medium wp-image-22597\" title=\"FotoMarcosRodriguesASN\" src=\"http:\/\/senoticias.com.br\/se\/wp-content\/uploads\/2012\/01\/FotoMarcosRodriguesASN-300x200.jpg\" alt=\"\" width=\"300\" height=\"200\" srcset=\"https:\/\/senoticias.com.br\/se\/wp-content\/uploads\/2012\/01\/FotoMarcosRodriguesASN-300x200.jpg 300w, https:\/\/senoticias.com.br\/se\/wp-content\/uploads\/2012\/01\/FotoMarcosRodriguesASN-342x228.jpg 342w, https:\/\/senoticias.com.br\/se\/wp-content\/uploads\/2012\/01\/FotoMarcosRodriguesASN.jpg 500w\" sizes=\"(max-width: 300px) 100vw, 300px\" \/><\/a>Conforme o decreto estadual de n\u00ba 28.332, datado em 19 de janeiro de 2012, o governador Marcelo D\u00e9da decretou ponto facultativo em todas as reparti\u00e7\u00f5es, \u00f3rg\u00e3os e entidades da administra\u00e7\u00e3o estadual direta e indireta a partir das 12h desta sexta-feira, 20, devido \u00e0s festividades do Pr\u00e9-Caju.<\/p>\n<p style=\"text-align: justify;\">Os servi\u00e7os considerados essenciais do Estado, como Corpo de Bombeiros, Defesa Civil, pol\u00edcias Militar e Civil, o Samu 192 Sergipe, hospitais e demais unidades de sa\u00fade de urg\u00eancia estar\u00e3o de plant\u00e3o para atender \u00e0s demandas da popula\u00e7\u00e3o.<\/p>\n<p style=\"text-align: justify;\"><strong>Prefeitura \u2013<\/strong> Para que os servidores p\u00fablicos municipais possam aproveitar ao m\u00e1ximo a maior pr\u00e9via carnavalesca do Brasil com tranquilidade, o prefeito Edvaldo Nogueira decretou ponto facultativo para esta sexta-feira, 20, a partir do meio-dia. Com isso, n\u00e3o haver\u00e1 expediente nas reparti\u00e7\u00f5es p\u00fablicas do munic\u00edpio no per\u00edodo da tarde.<\/p>\n","protected":false},"excerpt":{"rendered":"<p>As reparti\u00e7\u00f5es p\u00fablicas estaduais e municipais estar\u00e3o fechadas a partir das 12h desta sexta-feira &nbsp; Conforme o decreto estadual de n\u00ba 28.332, datado em 19 de janeiro de 2012, o governador Marcelo D\u00e9da decretou ponto facultativo em todas as reparti\u00e7\u00f5es, \u00f3rg\u00e3os e entidades da administra\u00e7\u00e3o estadual direta e indireta a partir das 12h desta sexta-feira, [&hellip;]<\/p>\n","protected":false},"author":3,"featured_media":22597,"comment_status":"closed","ping_status":"closed","sticky":false,"template":"","format":"standard","meta":{"footnotes":""},"categories":[6],"tags":[],"class_list":{"0":"post-22596","1":"post","2":"type-post","3":"status-publish","4":"format-standard","5":"has-post-thumbnail","7":"category-politica"},"_links":{"self":[{"href":"https:\/\/senoticias.com.br\/se\/wp-json\/wp\/v2\/posts\/22596"}],"collection":[{"href":"https:\/\/senoticias.com.br\/se\/wp-json\/wp\/v2\/posts"}],"about":[{"href":"https:\/\/senoticias.com.br\/se\/wp-json\/wp\/v2\/types\/post"}],"author":[{"embeddable":true,"href":"https:\/\/senoticias.com.br\/se\/wp-json\/wp\/v2\/users\/3"}],"replies":[{"embeddable":true,"href":"https:\/\/senoticias.com.br\/se\/wp-json\/wp\/v2\/comments?post=22596"}],"version-history":[{"count":0,"href":"https:\/\/senoticias.com.br\/se\/wp-json\/wp\/v2\/posts\/22596\/revisions"}],"wp:featuredmedia":[{"embeddable":true,"href":"https:\/\/senoticias.com.br\/se\/wp-json\/wp\/v2\/media\/22597"}],"wp:attachment":[{"href":"https:\/\/senoticias.com.br\/se\/wp-json\/wp\/v2\/media?parent=22596"}],"wp:term":[{"taxonomy":"category","embeddable":true,"href":"https:\/\/senoticias.com.br\/se\/wp-json\/wp\/v2\/categories?post=22596"},{"taxonomy":"post_tag","embeddable":true,"href":"https:\/\/senoticias.com.br\/se\/wp-json\/wp\/v2\/tags?post=22596"}],"curies":[{"name":"wp","href":"https:\/\/api.w.org\/{rel}","templated":true}]}}