{"id":22556,"date":"2012-01-19T09:42:21","date_gmt":"2012-01-19T12:42:21","guid":{"rendered":"http:\/\/senoticias.com.br\/se\/?p=22556"},"modified":"2012-01-19T09:42:50","modified_gmt":"2012-01-19T12:42:50","slug":"reus-do-caso-ceci-cunha-sao-condenados-a-prisao","status":"publish","type":"post","link":"https:\/\/senoticias.com.br\/se\/reus-do-caso-ceci-cunha-sao-condenados-a-prisao\/","title":{"rendered":"R\u00e9us do caso &#8216;Ceci Cunha&#8217; s\u00e3o condenados a pris\u00e3o"},"content":{"rendered":"<div id=\"attachment_22557\" style=\"width: 310px\" class=\"wp-caption alignright\"><a href=\"http:\/\/senoticias.com.br\/se\/wp-content\/uploads\/2012\/01\/miniatura-1.jpg\"><img loading=\"lazy\" decoding=\"async\" aria-describedby=\"caption-attachment-22557\" class=\"size-medium wp-image-22557\" title=\"miniatura (1)\" src=\"http:\/\/senoticias.com.br\/se\/wp-content\/uploads\/2012\/01\/miniatura-1-300x188.jpg\" alt=\"\" width=\"300\" height=\"188\" srcset=\"https:\/\/senoticias.com.br\/se\/wp-content\/uploads\/2012\/01\/miniatura-1-300x188.jpg 300w, https:\/\/senoticias.com.br\/se\/wp-content\/uploads\/2012\/01\/miniatura-1.jpg 320w\" sizes=\"(max-width: 300px) 100vw, 300px\" \/><\/a><p id=\"caption-attachment-22557\" class=\"wp-caption-text\">R\u00e9us ap\u00f3s decis\u00e3o do Conselho de Senten\u00e7a de condena\u00e7\u00e3o (Fotos:Janaina Ribeiro)<\/p><\/div>\n<p style=\"text-align: justify;\">Culpados. Ap\u00f3s 13 anos aguardando decis\u00e3o judicial e 23 horas de julgamento, a fam\u00edlia envolvida num dos casos mais emblem\u00e1ticos ocorridos em Alagoas agradeceu a posi\u00e7\u00e3o da Justi\u00e7a, representada pelos jurados que comp\u00f5em o Conselho de Senten\u00e7a. As sete pessoas que exerceram a fun\u00e7\u00e3o de ju\u00edzes votaram, na madrugada quinta-feira (19), no F\u00f3rum da Justi\u00e7a Federal, na Serraria, pela condena\u00e7\u00e3o dos acusados de matar a deputada federal Ceci Cunha; seu esposo, Juvenal Cunha; o cunhado dela, Iran Carlos Maranh\u00e3o; e a sogra dele, \u00cdtala Maranh\u00e3o, no dia 16 de dezembro de 1998, na resid\u00eancia de sua irm\u00e3, no bairro Gruta de Lourdes, em Macei\u00f3. A condena\u00e7\u00e3o somou 475 anos e 10 meses. Os acusados tamb\u00e9m tiveram a pris\u00e3o preventiva decretada.<\/p>\n<p>Jadi\u00e9lson Barbosa, Al\u00e9cio Vasco, Jos\u00e9 Alexandre dos Santos e Mendon\u00e7a Medeiros foram condenados ao crime de homic\u00eddio triplamente qualificado, com os agravantes de assassinatos cometidos por motivo torpe, consistente na promessa de recompensa; perpetrado sem a possibilidade de defesa para as v\u00edtimas e para assegurar a impunidade para outro crime, no caso, o de Ceci Cunha.<\/p>\n<p style=\"text-align: justify;\">O ex-deputado federal Talvane Albuquerque tamb\u00e9m foi considerado culpado pelas quatro mortes ocorridas na noite do dia 16 de dezembro de 1998. Ele foi condenado pelo crime de homic\u00eddio duplamente qualificado, com os agravantes de motiva\u00e7\u00e3o torpe &#8211; para ter como finalidade o mandato de deputado federal no lugar de Ceci Cunha &#8211; e executado sem qualquer chance de defesa das v\u00edtimas.<\/p>\n<p style=\"text-align: justify;\">Cada um, individualmente, ao ouvir sua senten\u00e7a de condena\u00e7\u00e3o, n\u00e3o esbo\u00e7ou rea\u00e7\u00e3o de surpresa e nem de inquieta\u00e7\u00e3o, como se j\u00e1 esperasse pelo resultado. A senten\u00e7a para os r\u00e9us demorou mais de sete horas para ser anunciada.<\/p>\n<p style=\"text-align: justify;\"><span style=\"color: #333333;\"><strong>Gazeta Web<\/strong><\/span><\/p>\n","protected":false},"excerpt":{"rendered":"<p>Culpados. Ap\u00f3s 13 anos aguardando decis\u00e3o judicial e 23 horas de julgamento, a fam\u00edlia envolvida num dos casos mais emblem\u00e1ticos ocorridos em Alagoas agradeceu a posi\u00e7\u00e3o da Justi\u00e7a, representada pelos jurados que comp\u00f5em o Conselho de Senten\u00e7a. As sete pessoas que exerceram a fun\u00e7\u00e3o de ju\u00edzes votaram, na madrugada quinta-feira (19), no F\u00f3rum da Justi\u00e7a [&hellip;]<\/p>\n","protected":false},"author":3,"featured_media":22557,"comment_status":"closed","ping_status":"closed","sticky":false,"template":"","format":"standard","meta":{"footnotes":""},"categories":[7],"tags":[],"class_list":{"0":"post-22556","1":"post","2":"type-post","3":"status-publish","4":"format-standard","5":"has-post-thumbnail","7":"category-policia"},"_links":{"self":[{"href":"https:\/\/senoticias.com.br\/se\/wp-json\/wp\/v2\/posts\/22556"}],"collection":[{"href":"https:\/\/senoticias.com.br\/se\/wp-json\/wp\/v2\/posts"}],"about":[{"href":"https:\/\/senoticias.com.br\/se\/wp-json\/wp\/v2\/types\/post"}],"author":[{"embeddable":true,"href":"https:\/\/senoticias.com.br\/se\/wp-json\/wp\/v2\/users\/3"}],"replies":[{"embeddable":true,"href":"https:\/\/senoticias.com.br\/se\/wp-json\/wp\/v2\/comments?post=22556"}],"version-history":[{"count":0,"href":"https:\/\/senoticias.com.br\/se\/wp-json\/wp\/v2\/posts\/22556\/revisions"}],"wp:featuredmedia":[{"embeddable":true,"href":"https:\/\/senoticias.com.br\/se\/wp-json\/wp\/v2\/media\/22557"}],"wp:attachment":[{"href":"https:\/\/senoticias.com.br\/se\/wp-json\/wp\/v2\/media?parent=22556"}],"wp:term":[{"taxonomy":"category","embeddable":true,"href":"https:\/\/senoticias.com.br\/se\/wp-json\/wp\/v2\/categories?post=22556"},{"taxonomy":"post_tag","embeddable":true,"href":"https:\/\/senoticias.com.br\/se\/wp-json\/wp\/v2\/tags?post=22556"}],"curies":[{"name":"wp","href":"https:\/\/api.w.org\/{rel}","templated":true}]}}