{"id":22546,"date":"2012-01-19T06:51:31","date_gmt":"2012-01-19T09:51:31","guid":{"rendered":"http:\/\/senoticias.com.br\/se\/?p=22546"},"modified":"2012-01-20T06:14:11","modified_gmt":"2012-01-20T09:14:11","slug":"transposicao-do-rio-sao-francisco-tem-10-investigacoes-do-mpf","status":"publish","type":"post","link":"https:\/\/senoticias.com.br\/se\/transposicao-do-rio-sao-francisco-tem-10-investigacoes-do-mpf\/","title":{"rendered":"Transposi\u00e7\u00e3o do Rio S\u00e3o Francisco tem 10 investiga\u00e7\u00f5es do MPF"},"content":{"rendered":"<p>&nbsp;<\/p>\n<div id=\"attachment_22547\" style=\"width: 260px\" class=\"wp-caption alignright\"><a href=\"http:\/\/senoticias.com.br\/se\/wp-content\/uploads\/2012\/01\/aW1hZ2Vucy8xMzEwMDMwODM5Y2FuaW9uc2Rvcmlvc2FvZnJhbmNpc2NvLmpwZw.jpg\"><img loading=\"lazy\" decoding=\"async\" aria-describedby=\"caption-attachment-22547\" class=\"size-full wp-image-22547\" title=\"aW1hZ2Vucy8xMzEwMDMwODM5Y2FuaW9uc2Rvcmlvc2FvZnJhbmNpc2NvLmpwZw\" src=\"http:\/\/senoticias.com.br\/se\/wp-content\/uploads\/2012\/01\/aW1hZ2Vucy8xMzEwMDMwODM5Y2FuaW9uc2Rvcmlvc2FvZnJhbmNpc2NvLmpwZw.jpg\" alt=\"\" width=\"250\" height=\"188\" srcset=\"https:\/\/senoticias.com.br\/se\/wp-content\/uploads\/2012\/01\/aW1hZ2Vucy8xMzEwMDMwODM5Y2FuaW9uc2Rvcmlvc2FvZnJhbmNpc2NvLmpwZw.jpg 250w, https:\/\/senoticias.com.br\/se\/wp-content\/uploads\/2012\/01\/aW1hZ2Vucy8xMzEwMDMwODM5Y2FuaW9uc2Rvcmlvc2FvZnJhbmNpc2NvLmpwZw-60x45.jpg 60w, https:\/\/senoticias.com.br\/se\/wp-content\/uploads\/2012\/01\/aW1hZ2Vucy8xMzEwMDMwODM5Y2FuaW9uc2Rvcmlvc2FvZnJhbmNpc2NvLmpwZw-150x113.jpg 150w\" sizes=\"(max-width: 250px) 100vw, 250px\" \/><\/a><p id=\"caption-attachment-22547\" class=\"wp-caption-text\">Foto \/ Divulga\u00e7\u00e3o<\/p><\/div>\n<p style=\"text-align: justify;\">A obra de transposi\u00e7\u00e3o do Rio S\u00e3o Francisco, principal projeto tocado pelo Minist\u00e9rio da Integra\u00e7\u00e3o Nacional, \u00e9 alvo de pelo menos dez investiga\u00e7\u00f5es do Minist\u00e9rio P\u00fablico Federal (MPF). A maior parte dos inqu\u00e9ritos concentra-se em Pernambuco, Estado do ministro Fernando Bezerra Coelho. Tr\u00eas investiga\u00e7\u00f5es foram abertas na gest\u00e3o do ministro.<\/p>\n<p style=\"text-align: justify;\">A Procuradoria da Rep\u00fablica em Pernambuco apura ind\u00edcios de superfaturamento no Eixo Leste e de descontrole no pagamento de aditivos na gest\u00e3o de Bezerra. Entre os contratos suspeitos est\u00e3o o 34\/2008, que ser\u00e1 retomado na primeira quinzena de fevereiro, e o 29\/2008. O primeiro teve reajuste de 14,6% do valor inicial, que passou de R$ 235,5 milh\u00f5es para R$ 269,9 milh\u00f5es. O aumento contratual do segundo foi de 21% (de R$ 250,9 milh\u00f5es para R$ 303,6 milh\u00f5es).<\/p>\n<p style=\"text-align: justify;\">Outro fato que est\u00e1 sendo apurado \u00e9 que as medi\u00e7\u00f5es dos servi\u00e7os executados estavam sendo feitas pelas empresas construtoras e n\u00e3o pelas supervisoras. Os problemas foram apontados por uma auditoria do Tribunal de Contas da Uni\u00e3o (TCU), realizada entre 7 de abril e 27 de maio do ano passado, e remetida ao MPF.<\/p>\n<p style=\"text-align: justify;\">A procuradoria solicitou ainda informa\u00e7\u00f5es sobre uma den\u00fancia formulada pelo Sindicato Nacional da Ind\u00fastria da Constru\u00e7\u00e3o Pesada (Sinicon). O sindicato aponta a omiss\u00e3o da comiss\u00e3o de licita\u00e7\u00e3o do minist\u00e9rio na concorr\u00eancia 2\/2007.<\/p>\n<p style=\"text-align: justify;\">A investiga\u00e7\u00e3o est\u00e1 em fase de instru\u00e7\u00e3o e a procuradoria aguarda a manifesta\u00e7\u00e3o final da Corte de Contas para tomar as provid\u00eancias judiciais, caso as irregularidades sejam confirmadas.<\/p>\n<p style=\"text-align: justify;\">Os processos sobre a transposi\u00e7\u00e3o do S\u00e3o Francisco est\u00e3o nas m\u00e3os da ministra Ana Arraes, m\u00e3e do governador de Pernambuco, Eduardo Campos. O governador \u00e9 presidente do PSB, partido do ministro da Integra\u00e7\u00e3o. Bezerra est\u00e1 no centro de uma crise pol\u00edtica desde que o Estado revelou que quase 90% da verba antienchente do minist\u00e9rio foi destinada para Pernambuco.<\/p>\n<p style=\"text-align: justify;\">H\u00e1 investiga\u00e7\u00f5es em outros Estados. No Cear\u00e1, dois procedimentos foram abertos no ano passado pelo Procurador da Rep\u00fablica Marcelo Mesquita. O primeiro apura, com base em relat\u00f3rio de fiscaliza\u00e7\u00e3o do TCU, aditivos feitos pelo minist\u00e9rio em contratos do Eixo Norte.<\/p>\n<p style=\"text-align: justify;\">O segundo apura a instala\u00e7\u00e3o de trechos do Eix\u00e3o das \u00c1guas, projeto do governo estadual que ir\u00e1 escoar na transposi\u00e7\u00e3o em \u00e1reas ind\u00edgenas. De acordo com a Procuradoria, o estudo de impacto ambiental n\u00e3o considerou a exist\u00eancia da terra ind\u00edgena Tapeba.<\/p>\n<p style=\"text-align: justify;\"><span style=\"color: #333333;\"><strong>Fonte:\u00a0 Cada Minuto<\/strong><\/span><\/p>\n","protected":false},"excerpt":{"rendered":"<p>&nbsp; A obra de transposi\u00e7\u00e3o do Rio S\u00e3o Francisco, principal projeto tocado pelo Minist\u00e9rio da Integra\u00e7\u00e3o Nacional, \u00e9 alvo de pelo menos dez investiga\u00e7\u00f5es do Minist\u00e9rio P\u00fablico Federal (MPF). A maior parte dos inqu\u00e9ritos concentra-se em Pernambuco, Estado do ministro Fernando Bezerra Coelho. Tr\u00eas investiga\u00e7\u00f5es foram abertas na gest\u00e3o do ministro. A Procuradoria da Rep\u00fablica [&hellip;]<\/p>\n","protected":false},"author":3,"featured_media":22547,"comment_status":"closed","ping_status":"closed","sticky":false,"template":"","format":"standard","meta":{"footnotes":""},"categories":[38],"tags":[],"class_list":{"0":"post-22546","1":"post","2":"type-post","3":"status-publish","4":"format-standard","5":"has-post-thumbnail","7":"category-municipios"},"_links":{"self":[{"href":"https:\/\/senoticias.com.br\/se\/wp-json\/wp\/v2\/posts\/22546"}],"collection":[{"href":"https:\/\/senoticias.com.br\/se\/wp-json\/wp\/v2\/posts"}],"about":[{"href":"https:\/\/senoticias.com.br\/se\/wp-json\/wp\/v2\/types\/post"}],"author":[{"embeddable":true,"href":"https:\/\/senoticias.com.br\/se\/wp-json\/wp\/v2\/users\/3"}],"replies":[{"embeddable":true,"href":"https:\/\/senoticias.com.br\/se\/wp-json\/wp\/v2\/comments?post=22546"}],"version-history":[{"count":0,"href":"https:\/\/senoticias.com.br\/se\/wp-json\/wp\/v2\/posts\/22546\/revisions"}],"wp:featuredmedia":[{"embeddable":true,"href":"https:\/\/senoticias.com.br\/se\/wp-json\/wp\/v2\/media\/22547"}],"wp:attachment":[{"href":"https:\/\/senoticias.com.br\/se\/wp-json\/wp\/v2\/media?parent=22546"}],"wp:term":[{"taxonomy":"category","embeddable":true,"href":"https:\/\/senoticias.com.br\/se\/wp-json\/wp\/v2\/categories?post=22546"},{"taxonomy":"post_tag","embeddable":true,"href":"https:\/\/senoticias.com.br\/se\/wp-json\/wp\/v2\/tags?post=22546"}],"curies":[{"name":"wp","href":"https:\/\/api.w.org\/{rel}","templated":true}]}}