{"id":22542,"date":"2012-01-19T06:32:35","date_gmt":"2012-01-19T09:32:35","guid":{"rendered":"http:\/\/senoticias.com.br\/se\/?p=22542"},"modified":"2012-01-19T06:32:58","modified_gmt":"2012-01-19T09:32:58","slug":"governador-visita-obras-na-barra-dos-coqueiros-e-atalaia-nova","status":"publish","type":"post","link":"https:\/\/senoticias.com.br\/se\/governador-visita-obras-na-barra-dos-coqueiros-e-atalaia-nova\/","title":{"rendered":"Governador visita obras na Barra dos Coqueiros e Atalaia Nova"},"content":{"rendered":"<p style=\"text-align: justify;\"><a href=\"http:\/\/senoticias.com.br\/se\/wp-content\/uploads\/2012\/01\/R39793.jpg\"><img loading=\"lazy\" decoding=\"async\" class=\"alignright size-medium wp-image-22543\" title=\"R39793\" src=\"http:\/\/senoticias.com.br\/se\/wp-content\/uploads\/2012\/01\/R39793-300x200.jpg\" alt=\"\" width=\"300\" height=\"200\" srcset=\"https:\/\/senoticias.com.br\/se\/wp-content\/uploads\/2012\/01\/R39793-300x200.jpg 300w, https:\/\/senoticias.com.br\/se\/wp-content\/uploads\/2012\/01\/R39793-342x228.jpg 342w, https:\/\/senoticias.com.br\/se\/wp-content\/uploads\/2012\/01\/R39793.jpg 500w\" sizes=\"(max-width: 300px) 100vw, 300px\" \/><\/a>A\u00e7\u00f5es estruturantes que visam oferecer um novo patamar para o desenvolvimento do turismo e para a qualidade de vida dos moradores do munic\u00edpio de Barra dos Coqueiros, na ilha de Santa Luzia, a 2 km da capital. Este foi o panorama constatado pelo governador Marcelo D\u00e9da na manh\u00e3 de quarta-feira, 18, ao visitar obras no munic\u00edpio, ao lado do prefeito Gilson dos Anjos e de v\u00e1rios secret\u00e1rios estaduais e municipais.<\/p>\n<p style=\"text-align: justify;\">\u201cAqui, teremos um novo cart\u00e3o postal para o nosso litoral. A Barra dos Coqueiros tem um potencial indiscut\u00edvel para o desenvolvimento do turismo, j\u00e1 que \u00e9 um munic\u00edpio bel\u00edssimo entre o rio e o mar, um tradicional local de veraneio dos sergipanos, que est\u00e1 atraindo investimentos imobili\u00e1rios relevantes\u201d, declarou Marcelo D\u00e9da durante a visita \u00e0 obra da nova orla da Atalaia Nova, que passar\u00e1 a se chamar Complexo Integrado Jugurta Barreto de Cultura, Esporte e Lazer, homenageando o ex-secret\u00e1rio de Estado, promotor e entusiasta do local, que era irm\u00e3o do vice-governador Jackson Barreto.<\/p>\n<p style=\"text-align: justify;\">No local, atrav\u00e9s de conv\u00eanio com o Minist\u00e9rio do Turismo, est\u00e3o sendo investidos cerca de 5,2 milh\u00f5es de reais (21% Governo do Estado e 79% Minist\u00e9rio do Turismo) numa obra de urbaniza\u00e7\u00e3o que envolve uma pra\u00e7a de eventos (onde ser\u00e1 realizado o Ver\u00e3o Sergipe 2012 com 45 mil metros quadrados.<\/p>\n<p style=\"text-align: justify;\">Tamb\u00e9m h\u00e1 um complexo poliesportivo composto por mirante, campo de futebol em dimens\u00f5es oficiais com refletores, duas quadras de cimento (uma poliesportiva e outra para t\u00eanis) e duas quadras em areia (uma para futebol e de praia e outra para futev\u00f4lei e v\u00f4lei de praia), totalizando mais de 24 mil metros quadrados.<\/p>\n<p style=\"text-align: justify;\">A urbaniza\u00e7\u00e3o contempla ainda a antiga Pra\u00e7a do Farol, que j\u00e1 conta com novo cal\u00e7amento, piso t\u00e1ctil bancos, nova ilumina\u00e7\u00e3o e ornamenta\u00e7\u00e3o para oferecer um novo local de conviv\u00eancia e lazer para moradores e turistas.<\/p>\n<p style=\"text-align: justify;\">Ver\u00e3o Sergipe<\/p>\n<p style=\"text-align: justify;\">Segundo a secret\u00e1ria de Estado da Cultura, Elo\u00edsa Galdino, respons\u00e1vel pela organiza\u00e7\u00e3o do Ver\u00e3o Sergipe, a partir desta estrutura se configura uma nova perspectiva para o evento. \u201cEsta edi\u00e7\u00e3o do Ver\u00e3o Sergipe ter\u00e1 um grande diferencial que ser\u00e1 o fato de abrirmos o evento num espa\u00e7o que recebeu este investimento, dialogando com proposta de dinamizar o potencial tur\u00edstico de v\u00e1rios locais em Sergipe. Vamos realizar, pela primeira vez, as atividades esportivas em quadras e espa\u00e7os constru\u00eddos para essa finalidade. Isso demonstra o compromisso do governo com o resgate de \u00e1reas que antes n\u00e3o eram frequentadas e estavam esquecidas por governos anteriores\u201d, contextualizou Elo\u00edsa.<\/p>\n<p style=\"text-align: justify;\">Estrutura\u00e7\u00e3o<\/p>\n<p style=\"text-align: justify;\">Segundo Marcelo D\u00e9da, este \u00e9 um papel que est\u00e1 sendo executado pelo Governo do Estado para que o turismo seja dinamizado profissionalmente no local, al\u00e9m de beneficiar a qualidade de vida dos moradores.<\/p>\n<p style=\"text-align: justify;\">\u201cS\u00e3o obras em toda a ilha. Em todos os pontos deste munic\u00edpio est\u00e1 presente a a\u00e7\u00e3o do Governo. Nos pr\u00f3ximos dias, entregaremos oficialmente este espa\u00e7o que oferece uma estrutura adequada para a realiza\u00e7\u00e3o de eventos festivos, shows e competi\u00e7\u00f5es esportivas. Al\u00e9m disso, estamos estruturando outras pra\u00e7as, promovendo asfaltamento do acesso \u00e0 Atalaia Nova, para que o local possa receber bem visitantes criando um novo referencial para as atividades tur\u00edsticas em Sergipe\u201d, salientou D\u00e9da.<\/p>\n<p style=\"text-align: justify;\">Luiz Gonzaga<\/p>\n<p style=\"text-align: justify;\">Na sequ\u00eancia, o governador visitou a obra de constru\u00e7\u00e3o do molhe de conten\u00e7\u00e3o ao longo da faixa de praia da Atalaia Nova (num investimento de aproximadamente R$ 1 milh\u00e3o para minimizar o avan\u00e7o das mar\u00e9s) e a obra de estrutura\u00e7\u00e3o da futura pra\u00e7a Luiz Gonzaga (situada em frente ao antigo terminal hidrovi\u00e1rio).<\/p>\n<p style=\"text-align: justify;\">L\u00e1, est\u00e3o sendo investidos mais de R$ 710 mil para a configura\u00e7\u00e3o de mais um atrativo que encantar\u00e1 sergipanos e visitantes contando, inclusive, com um p\u00eder de contempla\u00e7\u00e3o no local onde funcionou o antigo hidrovi\u00e1rio.<br \/>\n\u201cEstamos buscando valorizar a bel\u00edssima paisagem deste local, oferecendo toda a infraestrutura para estimular os empreendedores privados a investir no turismo sergipano. Estamos buscando fazer a nossa parte para que o desenvolvimento tur\u00edstico traga novas oportunidades de trabalho e renda para a popula\u00e7\u00e3o\u201d, sintetizou o governador.<\/p>\n<p style=\"text-align: justify;\">Meio Ambiente<\/p>\n<p style=\"text-align: justify;\">Ainda no munic\u00edpio, o governador e toda a comitiva seguiram para a esta\u00e7\u00e3o de tratamento de esgoto que foi constru\u00edda pela Deso para atender a toda a comunidade de Barra dos Coqueiros, que ser\u00e1 o primeiro munic\u00edpio a contar integralmente com esse servi\u00e7o.<\/p>\n<p style=\"text-align: justify;\">Integrando o Programa de Acelera\u00e7\u00e3o do Crescimento (PAC I), num investimento de aproximadamente R$ 15 milh\u00f5es na esta\u00e7\u00e3o de tratamento e rede de coleta (cerca de R$ 5 milh\u00f5es do Governo do Estado), a unidade beneficiar\u00e1 cerca de 18 mil moradores do munic\u00edpio, reduzindo sobremaneira a quantidade de elementos nocivos lan\u00e7ados na natureza atrav\u00e9s da rede de esgotos sanit\u00e1rios.<\/p>\n<p style=\"text-align: justify;\">Reconhecimento<\/p>\n<p style=\"text-align: justify;\">Segundo o prefeito da Barra dos Coqueiros, Gilson dos Anjos, estas conquistas para o munic\u00edpio consolidam cada vez mais a atua\u00e7\u00e3o da atual administra\u00e7\u00e3o como a que mais investiu no munic\u00edpio. \u201cEsse \u00e9 mais um presente que a popula\u00e7\u00e3o da Barra dos Coqueiros est\u00e1 recebendo do Governo do Estado. S\u00e3o obras de infraestrutura urbana e tur\u00edstica que trazem uma evolu\u00e7\u00e3o sem precedentes no nosso munic\u00edpio\u201d, reconheceu o prefeito.<\/p>\n<p style=\"text-align: justify;\">\u201cEu tinha uma casa, hoje tenho um patrim\u00f4nio\u201d. Essa foi a sauda\u00e7\u00e3o que o morador da Atalaia Nova h\u00e1 22 anos, Raimundo Nonato, destinou ao ver o governador durante a visita \u00e0s obras. \u201cEu fui um dos desbravadores deste local e enfrentamos muitas dificuldades para ver chegar o dia em que este local seria valorizado. O \u00faltimo investimento que vimos por aqui foi h\u00e1 mais de 20 anos. Nunca houve um governo que investisse tanto na Atalaia Nova quanto o atual\u201d, afirmou o morador, ao cumprimentar o governador.<\/p>\n<p style=\"text-align: justify;\"><strong>Participa\u00e7\u00e3o<\/strong><\/p>\n<p style=\"text-align: justify;\">Acompanharam a visita o vice-governador Jackson Barreto, tamb\u00e9m um reconhecido entusiasta da Atalaia Nova, os secret\u00e1rios de Estado da Infraestrutura, Valmor Barbosa, do Desenvolvimento Urbano, S\u00e9rgio Ferrari, da Comunica\u00e7\u00e3o, Carlos Cau\u00ea, do Meio Ambiente, Genival Nunes, da Casa Civil, Jorge Alberto, do Planejamento, Oliveira J\u00fanior, dentre outras autoridades, parlamentares e integrantes da administra\u00e7\u00e3o estadual e municipal.<\/p>\n<p style=\"text-align: justify;\">AG\u00eancia Sergipe de Not\u00edcias<\/p>\n","protected":false},"excerpt":{"rendered":"<p>A\u00e7\u00f5es estruturantes que visam oferecer um novo patamar para o desenvolvimento do turismo e para a qualidade de vida dos moradores do munic\u00edpio de Barra dos Coqueiros, na ilha de Santa Luzia, a 2 km da capital. Este foi o panorama constatado pelo governador Marcelo D\u00e9da na manh\u00e3 de quarta-feira, 18, ao visitar obras no [&hellip;]<\/p>\n","protected":false},"author":3,"featured_media":22543,"comment_status":"closed","ping_status":"closed","sticky":false,"template":"","format":"standard","meta":{"footnotes":""},"categories":[6],"tags":[],"class_list":{"0":"post-22542","1":"post","2":"type-post","3":"status-publish","4":"format-standard","5":"has-post-thumbnail","7":"category-politica"},"_links":{"self":[{"href":"https:\/\/senoticias.com.br\/se\/wp-json\/wp\/v2\/posts\/22542"}],"collection":[{"href":"https:\/\/senoticias.com.br\/se\/wp-json\/wp\/v2\/posts"}],"about":[{"href":"https:\/\/senoticias.com.br\/se\/wp-json\/wp\/v2\/types\/post"}],"author":[{"embeddable":true,"href":"https:\/\/senoticias.com.br\/se\/wp-json\/wp\/v2\/users\/3"}],"replies":[{"embeddable":true,"href":"https:\/\/senoticias.com.br\/se\/wp-json\/wp\/v2\/comments?post=22542"}],"version-history":[{"count":0,"href":"https:\/\/senoticias.com.br\/se\/wp-json\/wp\/v2\/posts\/22542\/revisions"}],"wp:featuredmedia":[{"embeddable":true,"href":"https:\/\/senoticias.com.br\/se\/wp-json\/wp\/v2\/media\/22543"}],"wp:attachment":[{"href":"https:\/\/senoticias.com.br\/se\/wp-json\/wp\/v2\/media?parent=22542"}],"wp:term":[{"taxonomy":"category","embeddable":true,"href":"https:\/\/senoticias.com.br\/se\/wp-json\/wp\/v2\/categories?post=22542"},{"taxonomy":"post_tag","embeddable":true,"href":"https:\/\/senoticias.com.br\/se\/wp-json\/wp\/v2\/tags?post=22542"}],"curies":[{"name":"wp","href":"https:\/\/api.w.org\/{rel}","templated":true}]}}