{"id":22527,"date":"2012-01-18T17:57:57","date_gmt":"2012-01-18T20:57:57","guid":{"rendered":"http:\/\/senoticias.com.br\/se\/?p=22527"},"modified":"2012-01-18T17:57:57","modified_gmt":"2012-01-18T20:57:57","slug":"governo-anuncia-mercadante-em-substituicao-a-haddad-na-educacao","status":"publish","type":"post","link":"https:\/\/senoticias.com.br\/se\/governo-anuncia-mercadante-em-substituicao-a-haddad-na-educacao\/","title":{"rendered":"Governo anuncia Mercadante em substitui\u00e7\u00e3o a Haddad na Educa\u00e7\u00e3o"},"content":{"rendered":"<p><span style=\"color: #333333;\"><strong>Marco Ant\u00f4nio Raupp substituir\u00e1 Mercadante em Ci\u00eancia e Tecnologia.<\/strong><\/span><br \/>\n<span style=\"color: #333333;\"><strong>Na segunda, os tr\u00eas participar\u00e3o da primeira reuni\u00e3o ministerial do ano.<\/strong><\/span><\/p>\n<div id=\"attachment_22528\" style=\"width: 310px\" class=\"wp-caption alignright\"><a href=\"http:\/\/senoticias.com.br\/se\/wp-content\/uploads\/2012\/01\/mercadantehaddad.jpg\"><img loading=\"lazy\" decoding=\"async\" aria-describedby=\"caption-attachment-22528\" class=\"size-full wp-image-22528\" title=\"mercadantehaddad\" src=\"http:\/\/senoticias.com.br\/se\/wp-content\/uploads\/2012\/01\/mercadantehaddad.jpg\" alt=\"\" width=\"300\" height=\"225\" srcset=\"https:\/\/senoticias.com.br\/se\/wp-content\/uploads\/2012\/01\/mercadantehaddad.jpg 300w, https:\/\/senoticias.com.br\/se\/wp-content\/uploads\/2012\/01\/mercadantehaddad-60x45.jpg 60w, https:\/\/senoticias.com.br\/se\/wp-content\/uploads\/2012\/01\/mercadantehaddad-150x113.jpg 150w, https:\/\/senoticias.com.br\/se\/wp-content\/uploads\/2012\/01\/mercadantehaddad-269x201.jpg 269w\" sizes=\"(max-width: 300px) 100vw, 300px\" \/><\/a><p id=\"caption-attachment-22528\" class=\"wp-caption-text\">Aloizio Mercadante (\u00e0 esq.) e Fernando Haddad (\u00e0 dir). (Foto: AP\/G1)<\/p><\/div>\n<p style=\"text-align: justify;\">O governo anunciou no final da tarde desta quarta (18) que o ministro Fernando Haddad ser\u00e1 substitu\u00eddo por Aloizio Mercadante na pasta da Educa\u00e7\u00e3o. Haddad deixa o governo para disputar, pelo PT, o cargo de prefeito de S\u00e3o Paulo na elei\u00e7\u00e3o municipal deste ano.<\/p>\n<p>Para o lugar de Mercadante, atual ministro de Ci\u00eancia e Tecnologia, vai o atual presidente da Ag\u00eancia Espacial Brasileira, Marco Ant\u00f4nio Raupp, segundo nota divulgada pela Secretaria de Comunica\u00e7\u00e3o Social.<br \/>\n&#8220;A presidenta da Rep\u00fablica, Dilma Rousseff, agradece o empenho e a dedica\u00e7\u00e3o do ministro Haddad \u00e0 frente de a\u00e7\u00f5es que est\u00e3o transformando a educa\u00e7\u00e3o brasileira e deseja a ele sucesso em seus projetos futuros&#8221;, diz a nota. &#8220;Da mesma forma&#8221;, segundo o texto, &#8220;ressalta o trabalho de Mercadante e Raupp nas atuais fun\u00e7\u00f5es, com a convic\u00e7\u00e3o de que ter\u00e3o o mesmo desempenho em suas novas miss\u00f5es&#8221;.<\/p>\n<p>A ministra Helena Chagas, da Comunica\u00e7\u00e3o Social, disse que Raupp, Haddad e Mercadante participar\u00e3o da primeira reuni\u00e3o ministerial deste ano, a ser realizada na pr\u00f3xima segunda-feira (23), mas ainda sem hor\u00e1rio definido.<\/p>\n<p>A \u00faltima cerim\u00f4nia que Haddad participar\u00e1 como ministro ser\u00e1 nesta segunda-feira (23), \u00e0s 15h, no Pal\u00e1cio do Planalto. O evento vai comemorar a marca de 1 milh\u00e3o de bolsas concedidas pelo Prouni (Programa Universidade para Todos).<\/p>\n<p>No in\u00edcio da tarde desta quarta, Haddad participou junto com Dilma da inaugura\u00e7\u00e3o de um centro de educa\u00e7\u00e3o infantil em Angra dos Reis (RJ). Na cerim\u00f4nia, ele recebeu elogios da presidente, em um discurso com tom de despedida.<\/p>\n<p>&#8220;O ministro Fernando Haddad, que vai sair do meu governo e vai enfrentar outra realidade, ele merece o reconhecimento do meu governo e do presidente Lula&#8221;, declarou a presidente.<\/p>\n<p><strong>Leia abaixo a \u00edntegra da nota:<\/strong><\/p>\n<p style=\"text-align: justify;\">Nota \u00e0 imprensa<\/p>\n<p style=\"text-align: justify;\">O ministro Fernando Haddad est\u00e1 deixando o Minist\u00e9rio da Educa\u00e7\u00e3o depois de prestar relevantes servi\u00e7os ao pa\u00eds. Ele ser\u00e1 substitu\u00eddo no cargo pelo atual ministro da Ci\u00eancia, Tecnologia e Inova\u00e7\u00e3o, Aloizio Mercadante.<\/p>\n<p>O novo titular do Minist\u00e9rio da Ci\u00eancia, Tecnologia e Inova\u00e7\u00e3o ser\u00e1 o atual presidente da Ag\u00eancia Espacial Brasileira, Marco Ant\u00f4nio Raupp.<\/p>\n<p>A presidenta da Rep\u00fablica, Dilma Rousseff, agradece o empenho e a dedica\u00e7\u00e3o do ministro Haddad \u00e0 frente de a\u00e7\u00f5es que est\u00e3o transformando a educa\u00e7\u00e3o brasileira e deseja a ele sucesso em seus projetos futuros.<br \/>\nDa mesma forma, ressalta o trabalho de Mercadante e Raupp nas atuais fun\u00e7\u00f5es, com a convic\u00e7\u00e3o de que ter\u00e3o o mesmo desempenho em suas novas miss\u00f5es.<\/p>\n<p>A posse e a transmiss\u00e3o de cargo dos novos ministros ser\u00e3o realizadas no pr\u00f3ximo dia 24 de janeiro.<br \/>\nSecretaria de Comunica\u00e7\u00e3o Social da Presid\u00eancia da Rep\u00fablica.<\/p>\n<p style=\"text-align: justify;\">\nPriscilla Mendes do G1, em Bras\u00edlia<\/p>\n","protected":false},"excerpt":{"rendered":"<p>Marco Ant\u00f4nio Raupp substituir\u00e1 Mercadante em Ci\u00eancia e Tecnologia. Na segunda, os tr\u00eas participar\u00e3o da primeira reuni\u00e3o ministerial do ano. O governo anunciou no final da tarde desta quarta (18) que o ministro Fernando Haddad ser\u00e1 substitu\u00eddo por Aloizio Mercadante na pasta da Educa\u00e7\u00e3o. Haddad deixa o governo para disputar, pelo PT, o cargo de [&hellip;]<\/p>\n","protected":false},"author":3,"featured_media":22528,"comment_status":"closed","ping_status":"closed","sticky":false,"template":"","format":"standard","meta":{"footnotes":""},"categories":[6],"tags":[],"class_list":{"0":"post-22527","1":"post","2":"type-post","3":"status-publish","4":"format-standard","5":"has-post-thumbnail","7":"category-politica"},"_links":{"self":[{"href":"https:\/\/senoticias.com.br\/se\/wp-json\/wp\/v2\/posts\/22527"}],"collection":[{"href":"https:\/\/senoticias.com.br\/se\/wp-json\/wp\/v2\/posts"}],"about":[{"href":"https:\/\/senoticias.com.br\/se\/wp-json\/wp\/v2\/types\/post"}],"author":[{"embeddable":true,"href":"https:\/\/senoticias.com.br\/se\/wp-json\/wp\/v2\/users\/3"}],"replies":[{"embeddable":true,"href":"https:\/\/senoticias.com.br\/se\/wp-json\/wp\/v2\/comments?post=22527"}],"version-history":[{"count":0,"href":"https:\/\/senoticias.com.br\/se\/wp-json\/wp\/v2\/posts\/22527\/revisions"}],"wp:featuredmedia":[{"embeddable":true,"href":"https:\/\/senoticias.com.br\/se\/wp-json\/wp\/v2\/media\/22528"}],"wp:attachment":[{"href":"https:\/\/senoticias.com.br\/se\/wp-json\/wp\/v2\/media?parent=22527"}],"wp:term":[{"taxonomy":"category","embeddable":true,"href":"https:\/\/senoticias.com.br\/se\/wp-json\/wp\/v2\/categories?post=22527"},{"taxonomy":"post_tag","embeddable":true,"href":"https:\/\/senoticias.com.br\/se\/wp-json\/wp\/v2\/tags?post=22527"}],"curies":[{"name":"wp","href":"https:\/\/api.w.org\/{rel}","templated":true}]}}