{"id":22505,"date":"2012-01-18T14:51:10","date_gmt":"2012-01-18T17:51:10","guid":{"rendered":"http:\/\/senoticias.com.br\/se\/?p=22505"},"modified":"2012-01-18T14:51:28","modified_gmt":"2012-01-18T17:51:28","slug":"policiais-da-6%c2%aa-dm-recuperam-motor-avaliado-em-r-10-mil","status":"publish","type":"post","link":"https:\/\/senoticias.com.br\/se\/policiais-da-6%c2%aa-dm-recuperam-motor-avaliado-em-r-10-mil\/","title":{"rendered":"Policiais da 6\u00aa DM recuperam motor avaliado em R$ 10 mil"},"content":{"rendered":"<div id=\"attachment_14383\" style=\"width: 310px\" class=\"wp-caption alignleft\"><a href=\"http:\/\/senoticias.com.br\/se\/wp-content\/uploads\/2011\/09\/Marcelo-Hercus-6%C2%AA-DM.jpg\"><img loading=\"lazy\" decoding=\"async\" aria-describedby=\"caption-attachment-14383\" class=\"size-medium wp-image-14383\" title=\"Marcelo Hercus - Delegado  6\u00aa DM (Eduardo Gomes)\" src=\"http:\/\/senoticias.com.br\/se\/wp-content\/uploads\/2011\/09\/Marcelo-Hercus-6%C2%AA-DM-300x211.jpg\" alt=\"\" width=\"300\" height=\"211\" \/><\/a><p id=\"caption-attachment-14383\" class=\"wp-caption-text\">Marcelo Hercus - Delegado 6\u00aa DM (Eduardo Gomes)<\/p><\/div>\n<p style=\"text-align: justify;\">Policiais civis do setor de investiga\u00e7\u00e3o da 6\u00aa DM apreenderam na manh\u00e3 dessa segunda-feira, 16, um motor de lancha roubado, avaliado em cerca de R$ 10 mil. O produto estava em posse de Wellington Carvalho dos Santos, 37 anos, que foi preso.<\/p>\n<p style=\"text-align: justify;\">Os agentes civis acompanharam Wellington a partir da sa\u00edda de sua resid\u00eancia, no bairro Rosa Elze, em S\u00e3o Crist\u00f3v\u00e3o, de onde seguiu at\u00e9 a Feira das Trocas, na zona oeste de Aracaju. Logo depois se deslocou at\u00e9 o parque S\u00e3o Jos\u00e9, em Nossa Senhora do Socorro, onde foi abordado e preso. A a\u00e7\u00e3o contou com o apoio dos policiais militares do Grupamento T\u00e1tico de Motos (Getam). \u201cO dono do motor j\u00e1 foi avisado da recupera\u00e7\u00e3o do seu bem\u201d, disse o delegado Marcelo Hercos.<\/p>\n<p style=\"text-align: justify;\">Wellington responde a tr\u00eas processos e j\u00e1 foi preso, justamente, por recepta\u00e7\u00e3o.<\/p>\n<p style=\"text-align: justify;\"><strong>Preso homem que tocou fogo em desafeto<\/strong><br \/>\nPoliciais civis da 6\u00aa DM prenderam na madrugada desta quarta-feira, 18, o jovem Felipe Ambr\u00f3sio dos Santos, 18 anos, acusado de atear fogo em um desafeto identificado como Wellington. O fato aconteceu na invas\u00e3o Barreiros em S\u00e3o Crist\u00f3v\u00e3o<\/p>\n<p style=\"text-align: justify;\">Em depoimento a pol\u00edcia, Felipe contou que foi amea\u00e7ado de morte por Wellington, que \u00e9 seu vizinho, durante uma briga ocorrida em um bar. O acusado ent\u00e3o se dirigiu at\u00e9 a casa da v\u00edtima \u2013 que estava dormindo \u2013 e jogou gasolina no corpo e no colch\u00e3o do desafeto e utilizando um f\u00f3sforo ateou fogo.<\/p>\n<p style=\"text-align: justify;\">\u201cEle entrou surdineiramente e acabou ateando fogo no desafeto. O motivo de tal atitude, segundo os protagonistas foi &#8216;briga de cacha\u00e7a&#8221;&#8217;, informou o delegado Marcelo Hercos. A pris\u00e3o contou com o apoio dos policiais militares do PAC do Eduardo Gomes.<\/p>\n<p style=\"text-align: justify;\">Wellington sofreu graves queimaduras e foi encaminhado ao Hospital de Urg\u00eancia de Sergipe.<\/p>\n<p style=\"text-align: justify;\">SSP\/SE<\/p>\n","protected":false},"excerpt":{"rendered":"<p>Policiais civis do setor de investiga\u00e7\u00e3o da 6\u00aa DM apreenderam na manh\u00e3 dessa segunda-feira, 16, um motor de lancha roubado, avaliado em cerca de R$ 10 mil. O produto estava em posse de Wellington Carvalho dos Santos, 37 anos, que foi preso. Os agentes civis acompanharam Wellington a partir da sa\u00edda de sua resid\u00eancia, no [&hellip;]<\/p>\n","protected":false},"author":3,"featured_media":14383,"comment_status":"closed","ping_status":"closed","sticky":false,"template":"","format":"standard","meta":{"footnotes":""},"categories":[7],"tags":[],"class_list":{"0":"post-22505","1":"post","2":"type-post","3":"status-publish","4":"format-standard","5":"has-post-thumbnail","7":"category-policia"},"_links":{"self":[{"href":"https:\/\/senoticias.com.br\/se\/wp-json\/wp\/v2\/posts\/22505"}],"collection":[{"href":"https:\/\/senoticias.com.br\/se\/wp-json\/wp\/v2\/posts"}],"about":[{"href":"https:\/\/senoticias.com.br\/se\/wp-json\/wp\/v2\/types\/post"}],"author":[{"embeddable":true,"href":"https:\/\/senoticias.com.br\/se\/wp-json\/wp\/v2\/users\/3"}],"replies":[{"embeddable":true,"href":"https:\/\/senoticias.com.br\/se\/wp-json\/wp\/v2\/comments?post=22505"}],"version-history":[{"count":0,"href":"https:\/\/senoticias.com.br\/se\/wp-json\/wp\/v2\/posts\/22505\/revisions"}],"wp:featuredmedia":[{"embeddable":true,"href":"https:\/\/senoticias.com.br\/se\/wp-json\/wp\/v2\/media\/14383"}],"wp:attachment":[{"href":"https:\/\/senoticias.com.br\/se\/wp-json\/wp\/v2\/media?parent=22505"}],"wp:term":[{"taxonomy":"category","embeddable":true,"href":"https:\/\/senoticias.com.br\/se\/wp-json\/wp\/v2\/categories?post=22505"},{"taxonomy":"post_tag","embeddable":true,"href":"https:\/\/senoticias.com.br\/se\/wp-json\/wp\/v2\/tags?post=22505"}],"curies":[{"name":"wp","href":"https:\/\/api.w.org\/{rel}","templated":true}]}}